{"id":7610,"date":"2024-10-07T13:43:48","date_gmt":"2024-10-07T17:43:48","guid":{"rendered":"https:\/\/jornaloalvorada.com.br\/site\/?p=7610"},"modified":"2024-10-07T13:43:54","modified_gmt":"2024-10-07T17:43:54","slug":"renato-munhoz-agradece-os-votos-que-o-fez-eleito-como-vereador-de-nova-alvorada-do-sul","status":"publish","type":"post","link":"https:\/\/jornaloalvorada.com.br\/site\/2024\/10\/07\/renato-munhoz-agradece-os-votos-que-o-fez-eleito-como-vereador-de-nova-alvorada-do-sul\/","title":{"rendered":"Renato Munhoz agrade\u00e7e os votos que o fez eleito como vereador de Nova Alvorada do Sul"},"content":{"rendered":"\n<p>Quero expressar minha imensa gratid\u00e3o a todos que contribu\u00edram para a minha elei\u00e7\u00e3o como vereador. Primeiramente, agrade\u00e7o a Deus, que sempre esteve ao meu lado, me guiando e fortalecendo em cada passo dessa jornada.<\/p>\n\n\n\n<p>\u00c0 minha fam\u00edlia, meu muito obrigado pelo amor e apoio incondicional. Voc\u00eas foram minha base e motiva\u00e7\u00e3o em todos os momentos.<\/p>\n\n\n\n<p>Um agradecimento especial ao meu pai, que j\u00e1 descansa em Deus. Sua sabedoria e valores continuam a me inspirar diariamente, e sei que ele est\u00e1 comigo eternamente em meu cora\u00e7\u00e3o.<\/p>\n\n\n\n<p>Por fim, aos meus eleitores, sou eternamente grato pelos 420 votos que recebi. Cada um de voc\u00eas representa uma esperan\u00e7a e uma confian\u00e7a em um futuro melhor para nossa Cidade. Estou comprometido em honrar essa confian\u00e7a e trabalhar por todos n\u00f3s. Juntos, faremos a diferen\u00e7a!<\/p>\n","protected":false},"excerpt":{"rendered":"<p>Quero expressar minha imensa gratid\u00e3o a todos que contribu\u00edram para a minha elei\u00e7\u00e3o como vereador. Primeiramente, agrade\u00e7o a Deus, que<\/p>\n","protected":false},"author":1,"featured_media":7611,"comment_status":"open","ping_status":"open","sticky":false,"template":"","format":"standard","meta":{"footnotes":""},"categories":[2],"tags":[],"class_list":["post-7610","post","type-post","status-publish","format-standard","has-post-thumbnail","hentry","category-noticias"],"_links":{"self":[{"href":"https:\/\/jornaloalvorada.com.br\/site\/wp-json\/wp\/v2\/posts\/7610","targetHints":{"allow":["GET"]}}],"collection":[{"href":"https:\/\/jornaloalvorada.com.br\/site\/wp-json\/wp\/v2\/posts"}],"about":[{"href":"https:\/\/jornaloalvorada.com.br\/site\/wp-json\/wp\/v2\/types\/post"}],"author":[{"embeddable":true,"href":"https:\/\/jornaloalvorada.com.br\/site\/wp-json\/wp\/v2\/users\/1"}],"replies":[{"embeddable":true,"href":"https:\/\/jornaloalvorada.com.br\/site\/wp-json\/wp\/v2\/comments?post=7610"}],"version-history":[{"count":1,"href":"https:\/\/jornaloalvorada.com.br\/site\/wp-json\/wp\/v2\/posts\/7610\/revisions"}],"predecessor-version":[{"id":7612,"href":"https:\/\/jornaloalvorada.com.br\/site\/wp-json\/wp\/v2\/posts\/7610\/revisions\/7612"}],"wp:featuredmedia":[{"embeddable":true,"href":"https:\/\/jornaloalvorada.com.br\/site\/wp-json\/wp\/v2\/media\/7611"}],"wp:attachment":[{"href":"https:\/\/jornaloalvorada.com.br\/site\/wp-json\/wp\/v2\/media?parent=7610"}],"wp:term":[{"taxonomy":"category","embeddable":true,"href":"https:\/\/jornaloalvorada.com.br\/site\/wp-json\/wp\/v2\/categories?post=7610"},{"taxonomy":"post_tag","embeddable":true,"href":"https:\/\/jornaloalvorada.com.br\/site\/wp-json\/wp\/v2\/tags?post=7610"}],"curies":[{"name":"wp","href":"https:\/\/api.w.org\/{rel}","templated":true}]}}