{"id":7587,"date":"2024-10-04T08:57:44","date_gmt":"2024-10-04T12:57:44","guid":{"rendered":"https:\/\/jornaloalvorada.com.br\/site\/?p=7587"},"modified":"2024-10-04T08:57:46","modified_gmt":"2024-10-04T12:57:46","slug":"operacao-para-repatriar-brasileiros-do-libano-e-adiada","status":"publish","type":"post","link":"https:\/\/jornaloalvorada.com.br\/site\/2024\/10\/04\/operacao-para-repatriar-brasileiros-do-libano-e-adiada\/","title":{"rendered":"Opera\u00e7\u00e3o para repatriar brasileiros do L\u00edbano \u00e9 adiada"},"content":{"rendered":"\n<p>A Opera\u00e7\u00e3o Ra\u00edzes de Cedro, que vai repatriar brasileiros que est\u00e3o no L\u00edbano, ser\u00e1 adiada. Inicialmente, a volta de 220 cidad\u00e3os come\u00e7aria nesta sexta-feira (4), mas por falta de seguran\u00e7a para transportar essas pessoas at\u00e9 o aeroporto, a opera\u00e7\u00e3o n\u00e3o ocorrer\u00e1.<img decoding=\"async\" src=\"https:\/\/agenciabrasil.ebc.com.br\/ebc.png?id=1614461&amp;o=node\"><img decoding=\"async\" src=\"https:\/\/agenciabrasil.ebc.com.br\/ebc.gif?id=1614461&amp;o=node\"><\/p>\n\n\n\n<p>&#8220;Em consequ\u00eancia da necessidade de medidas adicionais de seguran\u00e7a para os comboios terrestres que se dirigir\u00e3o ao aeroporto da capital libanesa, a opera\u00e7\u00e3o do primeiro voo brasileiro de repatria\u00e7\u00e3o n\u00e3o ocorrer\u00e1 no dia de hoje. Novas informa\u00e7\u00f5es sobre o voo ser\u00e3o prestadas ao longo do dia&#8221;, informou <a href=\"https:\/\/www.gov.br\/mre\/pt-br\/canais_atendimento\/imprensa\/aviso-as-redacoes\/aviso-as-redacoes-5\" target=\"_blank\" rel=\"noreferrer noopener\">nota do Minist\u00e9rio das Rela\u00e7\u00f5es<\/a> Exteriores do Brasil.<\/p>\n\n\n\n<p>Na madrugada de hoje, pelo menos um ataque israelense atingiu as proximidades do per\u00edmetro do aeroporto internacional de Beirute, de acordo com uma fonte do Minist\u00e9rio dos Transportes e Obras P\u00fablicas do L\u00edbano.<\/p>\n\n\n\n<p>O <a href=\"https:\/\/agenciabrasil.ebc.com.br\/internacional\/noticia\/2024-10\/primeiro-voo-de-repatriacao-deve-trazer-220-brasileiros-de-beirute\" target=\"_blank\" rel=\"noreferrer noopener\">objetivo do governo brasileiro \u00e9 repatriar<\/a> cerca de 500 pessoas por semana, com prioridade de embarque para idosos, mulheres, crian\u00e7as e pessoas com necessidades m\u00e9dicas.<\/p>\n\n\n\n<p>Ao todo, cerca de 21 mil brasileiros residem no L\u00edbano. Na ter\u00e7a-feira (1\u00b0), o governo brasileiro informou que <a href=\"https:\/\/agenciabrasil.ebc.com.br\/internacional\/noticia\/2024-10\/cerca-de-3-mil-brasileiros-querem-sair-do-libano-diz-itamaraty\" target=\"_blank\" rel=\"noreferrer noopener\">pelo menos 3 mil procuraram a Embaixada<\/a> em Beirute com pedido de repatria\u00e7\u00e3o.<\/p>\n\n\n\n<p>Conflito<\/p>\n\n\n\n<p>que se tornou alvo de ataques israelenses nos \u00faltimos dias, com o agravamento dos conflitos no Oriente M\u00e9dio. Israel alega que combate integrantes do Hezbollah no territ\u00f3rio liban\u00eas.<\/p>\n\n\n\n<p><strong><em>Fonte: Ag\u00eancia Brasil<\/em><\/strong><\/p>\n\n\n\n<p><\/p>\n","protected":false},"excerpt":{"rendered":"<p>A Opera\u00e7\u00e3o Ra\u00edzes de Cedro, que vai repatriar brasileiros que est\u00e3o no L\u00edbano, ser\u00e1 adiada. Inicialmente, a volta de 220<\/p>\n","protected":false},"author":1,"featured_media":7588,"comment_status":"open","ping_status":"open","sticky":false,"template":"","format":"standard","meta":{"footnotes":""},"categories":[2],"tags":[],"class_list":["post-7587","post","type-post","status-publish","format-standard","has-post-thumbnail","hentry","category-noticias"],"_links":{"self":[{"href":"https:\/\/jornaloalvorada.com.br\/site\/wp-json\/wp\/v2\/posts\/7587","targetHints":{"allow":["GET"]}}],"collection":[{"href":"https:\/\/jornaloalvorada.com.br\/site\/wp-json\/wp\/v2\/posts"}],"about":[{"href":"https:\/\/jornaloalvorada.com.br\/site\/wp-json\/wp\/v2\/types\/post"}],"author":[{"embeddable":true,"href":"https:\/\/jornaloalvorada.com.br\/site\/wp-json\/wp\/v2\/users\/1"}],"replies":[{"embeddable":true,"href":"https:\/\/jornaloalvorada.com.br\/site\/wp-json\/wp\/v2\/comments?post=7587"}],"version-history":[{"count":1,"href":"https:\/\/jornaloalvorada.com.br\/site\/wp-json\/wp\/v2\/posts\/7587\/revisions"}],"predecessor-version":[{"id":7589,"href":"https:\/\/jornaloalvorada.com.br\/site\/wp-json\/wp\/v2\/posts\/7587\/revisions\/7589"}],"wp:featuredmedia":[{"embeddable":true,"href":"https:\/\/jornaloalvorada.com.br\/site\/wp-json\/wp\/v2\/media\/7588"}],"wp:attachment":[{"href":"https:\/\/jornaloalvorada.com.br\/site\/wp-json\/wp\/v2\/media?parent=7587"}],"wp:term":[{"taxonomy":"category","embeddable":true,"href":"https:\/\/jornaloalvorada.com.br\/site\/wp-json\/wp\/v2\/categories?post=7587"},{"taxonomy":"post_tag","embeddable":true,"href":"https:\/\/jornaloalvorada.com.br\/site\/wp-json\/wp\/v2\/tags?post=7587"}],"curies":[{"name":"wp","href":"https:\/\/api.w.org\/{rel}","templated":true}]}}