{"id":7577,"date":"2024-10-03T10:42:11","date_gmt":"2024-10-03T14:42:11","guid":{"rendered":"https:\/\/jornaloalvorada.com.br\/site\/?p=7577"},"modified":"2024-10-03T10:42:13","modified_gmt":"2024-10-03T14:42:13","slug":"morre-o-jornalista-cid-moreira-um-dos-rostos-mais-iconicos-da-televisao-brasileira-aos-97-anos","status":"publish","type":"post","link":"https:\/\/jornaloalvorada.com.br\/site\/2024\/10\/03\/morre-o-jornalista-cid-moreira-um-dos-rostos-mais-iconicos-da-televisao-brasileira-aos-97-anos\/","title":{"rendered":"Morre o jornalista Cid Moreira, um dos rostos mais ic\u00f4nicos da televis\u00e3o brasileira, aos 97 anos"},"content":{"rendered":"\n<p>Ele estava internado no Hospital Santa Teresa, em <a href=\"https:\/\/g1.globo.com\/rj\/regiao-serrana\/cidade\/petropolis\/\">Petr\u00f3polis<\/a>, na Regi\u00e3o Serrana do RJ, desde o dia 4 de setembro, quando deu entrada com insufici\u00eancia renal cr\u00f4nica \u2014 antes, vinha tratando de uma pneumonia em casa. O quadro piorou, e \u00e0s 8h desta quinta Cid morreu de fal\u00eancia m\u00faltipla dos \u00f3rg\u00e3os.<\/p>\n\n\n\n<p>At\u00e9 a \u00faltima atualiza\u00e7\u00e3o desta reportagem, ainda n\u00e3o havia informa\u00e7\u00f5es sobre vel\u00f3rio e enterro.<\/p>\n\n\n\n<h2 class=\"wp-block-heading\">Vida e carreira<\/h2>\n\n\n\n<p>Cid Moreira nasceu em <a href=\"https:\/\/g1.globo.com\/sp\/vale-do-paraiba-regiao\/cidade\/taubate\/\">Taubat\u00e9<\/a>, no Vale do Para\u00edba, em 1927 \u2014 ele completou <strong>97 anos<\/strong> no \u00faltimo domingo (29).<\/p>\n\n\n\n<p>O jornalista iniciou a carreira no r\u00e1dio em 1944, depois de ser descoberto por um amigo que o incentivou a fazer um teste de locu\u00e7\u00e3o na R\u00e1dio Difusora de Taubat\u00e9. Nos anos seguintes, entre 1944 e 1949, ele narrou comerciais at\u00e9 se mudar para S\u00e3o Paulo, onde trabalhou na R\u00e1dio Bandeirantes e na Propago Publicidade.<\/p>\n\n\n\n<p>Em 1951, transferiu-se para o Rio de Janeiro, onde foi contratado pela R\u00e1dio Mayrink Veiga. Foi l\u00e1 que, entre 1951 e 1956, come\u00e7ou a ter suas primeiras experi\u00eancias na televis\u00e3o, apresentando comerciais ao vivo em programas como \u201cAl\u00e9m da Imagina\u00e7\u00e3o\u201d e \u201cNoite de Gala\u201d, na TV Rio.<\/p>\n\n\n\n<p>Sua estreia como locutor de notici\u00e1rios aconteceu em 1963, no \u201cJornal de Vanguarda\u201d, da TV Rio, o que marcou o in\u00edcio de sua carreira no jornalismo televisivo. Nos anos seguintes, trabalhou nesse mesmo programa em v\u00e1rias emissoras, como Tupi, Globo, Excelsior e Continental, consolidando sua presen\u00e7a na televis\u00e3o.<\/p>\n\n\n\n<h2 class=\"wp-block-heading\">Ele estreou o JN<\/h2>\n\n\n\n<p>Em 1969, Cid Moreira voltou \u00e0 Globo para substituir Lu\u00eds Jatob\u00e1 no \u201cJornal da Globo\u201d, que ent\u00e3o ia ao ar \u00e0s 19h45. No mesmo ano, foi escalado para a equipe do rec\u00e9m-lan\u00e7ado \u201cJornal Nacional\u201d, o 1\u00ba telejornal transmitido em rede no Brasil. A estreia ocorreu em setembro de 1969, e Cid dividiu a bancada com Hilton Gomes.<\/p>\n\n\n\n<p>Cid Moreira contou do nervosismo na estreia daquele que, em pouco tempo, seria o principal telejornal da televis\u00e3o brasileira. \u201cEu chegava no hor\u00e1rio de fazer o jornal, n\u00e3o participava da reda\u00e7\u00e3o. Eu s\u00f3 ia para apresentar o jornal. Naquele dia, cheguei e vi aquele nervosismo, todo mundo preocupado. E, para mim, era normal. Mas no dia seguinte, vi na capa do jornal O Globo: \u2018Jornal Nacional\u2026\u2019 A\u00ed comecei a perceber a dimens\u00e3o\u201d, <a href=\"https:\/\/memoriaglobo.globo.com\/perfil\/cid-moreira\/noticia\/cid-moreira.ghtml]\">revelou ao Mem\u00f3ria Globo<\/a>.<\/p>\n\n\n\n<p>Dois anos depois, iniciou uma parceria de longa data com S\u00e9rgio Chapelin. Durante 26 anos, Cid foi o principal rosto do JN. Sua voz tornou-se sin\u00f4nimo de credibilidade, e seu <strong>\u201cboa-noite\u201d<\/strong> di\u00e1rio marcou a televis\u00e3o brasileira.<\/p>\n\n\n\n<p>Em 1996, uma reformula\u00e7\u00e3o do programa trouxe novos apresentadores, William Bonner e Lillian Witte Fibe, com Cid Moreira dedicando-se \u00e0 leitura de editoriais.<\/p>\n\n\n\n<h2 class=\"wp-block-heading\">\u2018Senhor de todos os sortil\u00e9gios\u2019<\/h2>\n\n\n\n<p>Paralelamente, Cid tamb\u00e9m participou do \u201cFant\u00e1stico\u201d desde sua estreia, em 1973, revezando com outros apresentadores. Em 1999, ele narrou o famoso quadro de <strong>Mr. M<\/strong>, que se tornou um grande sucesso do programa. Sua voz ic\u00f4nica ficou t\u00e3o ligada ao quadro que ele entrevistou o pr\u00f3prio Mr. M quando o ilusionista visitou o Brasil no ano seguinte.<\/p>\n\n\n\n<p>A partir da d\u00e9cada de 1990, Cid come\u00e7ou a se dedicar \u00e0 grava\u00e7\u00e3o de salmos b\u00edblicos. Em 2011, realizou o objetivo de gravar a B\u00edblia na \u00edntegra, projeto que se tornou um grande sucesso de vendas.<\/p>\n\n\n\n<p>Em 2010, foi lan\u00e7ada a biografia \u201cBoa Noite \u2013 Cid Moreira, a Grande Voz da Comunica\u00e7\u00e3o do Brasil\u201d, escrita por sua esposa, F\u00e1tima Sampaio Moreira. Durante a Copa do Mundo daquele ano, ele gravou a famosa vinheta <strong>\u201cJabulaaani!\u201d<\/strong> para a cobertura do \u201cFant\u00e1stico\u201d e programas esportivos da Globo, adicionando mais um cap\u00edtulo \u00e0 sua ilustre carreira.<\/p>\n\n\n\n<p><strong><em>Fonte: G1MS<\/em><\/strong><\/p>\n","protected":false},"excerpt":{"rendered":"<p>Ele estava internado no Hospital Santa Teresa, em Petr\u00f3polis, na Regi\u00e3o Serrana do RJ, desde o dia 4 de setembro,<\/p>\n","protected":false},"author":1,"featured_media":7578,"comment_status":"open","ping_status":"open","sticky":false,"template":"","format":"standard","meta":{"footnotes":""},"categories":[2],"tags":[],"class_list":["post-7577","post","type-post","status-publish","format-standard","has-post-thumbnail","hentry","category-noticias"],"_links":{"self":[{"href":"https:\/\/jornaloalvorada.com.br\/site\/wp-json\/wp\/v2\/posts\/7577","targetHints":{"allow":["GET"]}}],"collection":[{"href":"https:\/\/jornaloalvorada.com.br\/site\/wp-json\/wp\/v2\/posts"}],"about":[{"href":"https:\/\/jornaloalvorada.com.br\/site\/wp-json\/wp\/v2\/types\/post"}],"author":[{"embeddable":true,"href":"https:\/\/jornaloalvorada.com.br\/site\/wp-json\/wp\/v2\/users\/1"}],"replies":[{"embeddable":true,"href":"https:\/\/jornaloalvorada.com.br\/site\/wp-json\/wp\/v2\/comments?post=7577"}],"version-history":[{"count":1,"href":"https:\/\/jornaloalvorada.com.br\/site\/wp-json\/wp\/v2\/posts\/7577\/revisions"}],"predecessor-version":[{"id":7579,"href":"https:\/\/jornaloalvorada.com.br\/site\/wp-json\/wp\/v2\/posts\/7577\/revisions\/7579"}],"wp:featuredmedia":[{"embeddable":true,"href":"https:\/\/jornaloalvorada.com.br\/site\/wp-json\/wp\/v2\/media\/7578"}],"wp:attachment":[{"href":"https:\/\/jornaloalvorada.com.br\/site\/wp-json\/wp\/v2\/media?parent=7577"}],"wp:term":[{"taxonomy":"category","embeddable":true,"href":"https:\/\/jornaloalvorada.com.br\/site\/wp-json\/wp\/v2\/categories?post=7577"},{"taxonomy":"post_tag","embeddable":true,"href":"https:\/\/jornaloalvorada.com.br\/site\/wp-json\/wp\/v2\/tags?post=7577"}],"curies":[{"name":"wp","href":"https:\/\/api.w.org\/{rel}","templated":true}]}}