{"id":7571,"date":"2024-10-03T10:30:13","date_gmt":"2024-10-03T14:30:13","guid":{"rendered":"https:\/\/jornaloalvorada.com.br\/site\/?p=7571"},"modified":"2024-10-03T10:30:15","modified_gmt":"2024-10-03T14:30:15","slug":"atualizacoes-na-carteira-nacional-de-habilitacao-cnh-para-2024","status":"publish","type":"post","link":"https:\/\/jornaloalvorada.com.br\/site\/2024\/10\/03\/atualizacoes-na-carteira-nacional-de-habilitacao-cnh-para-2024\/","title":{"rendered":"Atualiza\u00e7\u00f5es na Carteira Nacional de Habilita\u00e7\u00e3o (CNH) para 2024"},"content":{"rendered":"\n<p>Recentemente, o Conselho Nacional de Tr\u00e2nsito (<strong>Contran<\/strong>) divulgou uma s\u00e9rie de modifica\u00e7\u00f5es na Carteira Nacional de Habilita\u00e7\u00e3o (<a href=\"https:\/\/terrabrasilnoticias.com\/2024\/09\/beneficio-de-prestacao-continuada-informacoes-sobre-pagamentos-em-outubro-de-2024\/\">CNH<\/a>) que entrar\u00e3o em vigor em 2024. Estas mudan\u00e7as visam modernizar as regulamenta\u00e7\u00f5es de tr\u00e2nsito e adaptar-se \u00e0s novas realidades de mobilidade urbana. Vamos analisar essas altera\u00e7\u00f5es e entender como elas impactar\u00e3o os motoristas brasileiros.<\/p>\n\n\n\n<p>Entre as novidades anunciadas, podemos destacar a isen\u00e7\u00e3o de CNH para alguns ve\u00edculos, a reestrutura\u00e7\u00e3o das categorias de habilita\u00e7\u00e3o e a amplia\u00e7\u00e3o de programas sociais para facilitar a obten\u00e7\u00e3o da CNH. Saiba mais sobre cada uma dessas mudan\u00e7as a seguir.<\/p>\n\n\n\n<h2 class=\"wp-block-heading\">Ve\u00edculos dispensados de CNH<\/h2>\n\n\n\n<p>A partir de 2024, certos ve\u00edculos leves estar\u00e3o isentos da necessidade de CNH. Bicicletas el\u00e9tricas, patinetes el\u00e9tricos e outros ve\u00edculos com baixo impacto ambiental n\u00e3o mais precisar\u00e3o de habilita\u00e7\u00e3o. Esta decis\u00e3o visa estimular o uso de meios de transporte ecol\u00f3gicos e descomplicar a circula\u00e7\u00e3o nas \u00e1reas urbanas.<\/p>\n\n\n\n<h2 class=\"wp-block-heading\">Manuten\u00e7\u00e3o da CNH para ve\u00edculos maiores<\/h2>\n\n\n\n<p>Apesar da isen\u00e7\u00e3o para ve\u00edculos leves, a exig\u00eancia de CNH continuar\u00e1 para autom\u00f3veis, motocicletas e ve\u00edculos de grande porte. A obrigatoriedade deste documento visa assegurar que os condutores destes ve\u00edculos tenham o treinamento necess\u00e1rio, garantindo assim a seguran\u00e7a nas vias p\u00fablicas.<\/p>\n\n\n\n<h2 class=\"wp-block-heading\">Nova estrutura das categorias de CNH<\/h2>\n\n\n\n<p>O Contran tamb\u00e9m revisou a classifica\u00e7\u00e3o das categorias de habilita\u00e7\u00e3o, buscando um alinhamento mais preciso entre os tipos de ve\u00edculos e as compet\u00eancias exigidas para conduzi-los. As novas categorias s\u00e3o:<\/p>\n\n\n\n<ul class=\"wp-block-list\">\n<li><strong>Categoria A<\/strong>: Para motocicletas e ve\u00edculos de duas e tr\u00eas rodas.<\/li>\n\n\n\n<li><strong>Categoria B<\/strong>: Para autom\u00f3veis de passeio com at\u00e9 3.500 kg e capacidade para at\u00e9 8 passageiros.<\/li>\n\n\n\n<li><strong>Categoria C<\/strong>: Para ve\u00edculos de carga com mais de 3.500 kg.<\/li>\n\n\n\n<li><strong>Categoria D<\/strong>: Para ve\u00edculos destinados ao transporte de passageiros com mais de 8 lugares.<\/li>\n\n\n\n<li><strong>Categoria E<\/strong>: Para combina\u00e7\u00f5es de ve\u00edculos onde o reboque ou semirreboque pese mais de 6.000 kg.<\/li>\n<\/ul>\n\n\n\n<h2 class=\"wp-block-heading\">Expans\u00e3o do programa CNH Social<\/h2>\n\n\n\n<p>O <strong>Programa CNH Social<\/strong> continuar\u00e1 incentivando o acesso \u00e0 habilita\u00e7\u00e3o para pessoas de baixa renda. Esta iniciativa visa proporcionar a obten\u00e7\u00e3o gratuita da CNH, aumentando assim as oportunidades de trabalho e inclus\u00e3o social. Para participar do programa, siga os passos abaixo:<\/p>\n\n\n\n<ol class=\"wp-block-list\">\n<li>Visite o site do Detran do seu estado para verificar a oferta do programa.<\/li>\n\n\n\n<li>Confira se voc\u00ea se enquadra nos crit\u00e9rios de elegibilidade, como renda familiar e idade m\u00ednima de 18 anos.<\/li>\n\n\n\n<li>Procure autoescolas credenciadas que participam desta iniciativa.<\/li>\n<\/ol>\n\n\n\n<h2 class=\"wp-block-heading\">Passo a passo para obten\u00e7\u00e3o da CNH em 2024<\/h2>\n\n\n\n<p>O processo para obter a CNH tamb\u00e9m sofrer\u00e1 altera\u00e7\u00f5es em 2024. O novo procedimento ser\u00e1 o seguinte:<\/p>\n\n\n\n<ol class=\"wp-block-list\">\n<li>Realizar exames m\u00e9dico e psicot\u00e9cnico obrigat\u00f3rios.<\/li>\n\n\n\n<li>Inscrever-se em uma autoescola para completar o curso te\u00f3rico e pr\u00e1tico.<\/li>\n\n\n\n<li>Cumprir a carga hor\u00e1ria exigida de aulas pr\u00e1ticas.<\/li>\n\n\n\n<li>Agendar e ser aprovado no exame te\u00f3rico, seguido pelo exame pr\u00e1tico realizado pelo Detran.<\/li>\n\n\n\n<li>Solicitar a emiss\u00e3o da CNH e efetuar o pagamento das taxas necess\u00e1rias.<\/li>\n<\/ol>\n\n\n\n<p>Essas mudan\u00e7as s\u00e3o projetadas para modernizar a regulamenta\u00e7\u00e3o de tr\u00e2nsito, ao mesmo tempo em que garantem a seguran\u00e7a e acessibilidade para todos os motoristas. Manter-se informado sobre essas atualiza\u00e7\u00f5es \u00e9 essencial para se adaptar \u00e0s novas regras e aproveitar os benef\u00edcios oferecidos.<\/p>\n\n\n\n<p><strong><em>Fonte: Terra Brasil Not\u00edcias<\/em><\/strong><\/p>\n","protected":false},"excerpt":{"rendered":"<p>Recentemente, o Conselho Nacional de Tr\u00e2nsito (Contran) divulgou uma s\u00e9rie de modifica\u00e7\u00f5es na Carteira Nacional de Habilita\u00e7\u00e3o (CNH) que entrar\u00e3o<\/p>\n","protected":false},"author":1,"featured_media":7572,"comment_status":"open","ping_status":"open","sticky":false,"template":"","format":"standard","meta":{"footnotes":""},"categories":[2],"tags":[],"class_list":["post-7571","post","type-post","status-publish","format-standard","has-post-thumbnail","hentry","category-noticias"],"_links":{"self":[{"href":"https:\/\/jornaloalvorada.com.br\/site\/wp-json\/wp\/v2\/posts\/7571","targetHints":{"allow":["GET"]}}],"collection":[{"href":"https:\/\/jornaloalvorada.com.br\/site\/wp-json\/wp\/v2\/posts"}],"about":[{"href":"https:\/\/jornaloalvorada.com.br\/site\/wp-json\/wp\/v2\/types\/post"}],"author":[{"embeddable":true,"href":"https:\/\/jornaloalvorada.com.br\/site\/wp-json\/wp\/v2\/users\/1"}],"replies":[{"embeddable":true,"href":"https:\/\/jornaloalvorada.com.br\/site\/wp-json\/wp\/v2\/comments?post=7571"}],"version-history":[{"count":1,"href":"https:\/\/jornaloalvorada.com.br\/site\/wp-json\/wp\/v2\/posts\/7571\/revisions"}],"predecessor-version":[{"id":7573,"href":"https:\/\/jornaloalvorada.com.br\/site\/wp-json\/wp\/v2\/posts\/7571\/revisions\/7573"}],"wp:featuredmedia":[{"embeddable":true,"href":"https:\/\/jornaloalvorada.com.br\/site\/wp-json\/wp\/v2\/media\/7572"}],"wp:attachment":[{"href":"https:\/\/jornaloalvorada.com.br\/site\/wp-json\/wp\/v2\/media?parent=7571"}],"wp:term":[{"taxonomy":"category","embeddable":true,"href":"https:\/\/jornaloalvorada.com.br\/site\/wp-json\/wp\/v2\/categories?post=7571"},{"taxonomy":"post_tag","embeddable":true,"href":"https:\/\/jornaloalvorada.com.br\/site\/wp-json\/wp\/v2\/tags?post=7571"}],"curies":[{"name":"wp","href":"https:\/\/api.w.org\/{rel}","templated":true}]}}