{"id":7556,"date":"2024-10-02T08:34:44","date_gmt":"2024-10-02T12:34:44","guid":{"rendered":"https:\/\/jornaloalvorada.com.br\/site\/?p=7556"},"modified":"2024-10-02T08:35:04","modified_gmt":"2024-10-02T12:35:04","slug":"jose-paulo-paleari-realiza-carreata-do-11-no-dia-5-de-outubro","status":"publish","type":"post","link":"https:\/\/jornaloalvorada.com.br\/site\/2024\/10\/02\/jose-paulo-paleari-realiza-carreata-do-11-no-dia-5-de-outubro\/","title":{"rendered":"Jos\u00e9 Paulo Paleari realiza Carreata do 11 no dia 5 de outubro"},"content":{"rendered":"\n<p>Dia 05 de Outubro (S\u00e1bado) teremos a nossa Carreata do 11, e voc\u00ea \u00e9 nosso convidado especial, bora?<\/p>\n\n\n\n<p>Traga sua familia e amigos e vamos fazer barulho pelas ruas de nossa cidade.<\/p>\n\n\n\n<p>Concentra\u00e7\u00e3o no Parque Nelson Terer\u00e9 \u00e0s 16h. Vem na onda do 11<img loading=\"lazy\" decoding=\"async\" height=\"16\" width=\"16\" alt=\"\ud83d\udc99\" src=\"https:\/\/static.xx.fbcdn.net\/images\/emoji.php\/v9\/t6c\/1\/16\/1f499.png\"><\/p>\n\n\n\n<iframe loading=\"lazy\" src=\"https:\/\/www.facebook.com\/plugins\/video.php?height=476&#038;href=https%3A%2F%2Fwww.facebook.com%2Fjppaleari%2Fvideos%2F1591630275033781%2F&#038;show_text=false&#038;width=267&#038;t=0\" width=\"267\" height=\"476\" style=\"border:none;overflow:hidden\" scrolling=\"no\" frameborder=\"0\" allowfullscreen=\"true\" allow=\"autoplay; clipboard-write; encrypted-media; picture-in-picture; web-share\" allowFullScreen=\"true\"><\/iframe>\n","protected":false},"excerpt":{"rendered":"<p>Dia 05 de Outubro (S\u00e1bado) teremos a nossa Carreata do 11, e voc\u00ea \u00e9 nosso convidado especial, bora? Traga sua<\/p>\n","protected":false},"author":1,"featured_media":7557,"comment_status":"open","ping_status":"open","sticky":false,"template":"","format":"standard","meta":{"footnotes":""},"categories":[2],"tags":[],"class_list":["post-7556","post","type-post","status-publish","format-standard","has-post-thumbnail","hentry","category-noticias"],"_links":{"self":[{"href":"https:\/\/jornaloalvorada.com.br\/site\/wp-json\/wp\/v2\/posts\/7556","targetHints":{"allow":["GET"]}}],"collection":[{"href":"https:\/\/jornaloalvorada.com.br\/site\/wp-json\/wp\/v2\/posts"}],"about":[{"href":"https:\/\/jornaloalvorada.com.br\/site\/wp-json\/wp\/v2\/types\/post"}],"author":[{"embeddable":true,"href":"https:\/\/jornaloalvorada.com.br\/site\/wp-json\/wp\/v2\/users\/1"}],"replies":[{"embeddable":true,"href":"https:\/\/jornaloalvorada.com.br\/site\/wp-json\/wp\/v2\/comments?post=7556"}],"version-history":[{"count":2,"href":"https:\/\/jornaloalvorada.com.br\/site\/wp-json\/wp\/v2\/posts\/7556\/revisions"}],"predecessor-version":[{"id":7559,"href":"https:\/\/jornaloalvorada.com.br\/site\/wp-json\/wp\/v2\/posts\/7556\/revisions\/7559"}],"wp:featuredmedia":[{"embeddable":true,"href":"https:\/\/jornaloalvorada.com.br\/site\/wp-json\/wp\/v2\/media\/7557"}],"wp:attachment":[{"href":"https:\/\/jornaloalvorada.com.br\/site\/wp-json\/wp\/v2\/media?parent=7556"}],"wp:term":[{"taxonomy":"category","embeddable":true,"href":"https:\/\/jornaloalvorada.com.br\/site\/wp-json\/wp\/v2\/categories?post=7556"},{"taxonomy":"post_tag","embeddable":true,"href":"https:\/\/jornaloalvorada.com.br\/site\/wp-json\/wp\/v2\/tags?post=7556"}],"curies":[{"name":"wp","href":"https:\/\/api.w.org\/{rel}","templated":true}]}}