{"id":7541,"date":"2024-10-01T10:36:44","date_gmt":"2024-10-01T14:36:44","guid":{"rendered":"https:\/\/jornaloalvorada.com.br\/site\/?p=7541"},"modified":"2024-10-01T10:36:46","modified_gmt":"2024-10-01T14:36:46","slug":"a-era-dos-carros-autonomos-como-a-realidade-aumentada-esta-revolucionando-a-direcao","status":"publish","type":"post","link":"https:\/\/jornaloalvorada.com.br\/site\/2024\/10\/01\/a-era-dos-carros-autonomos-como-a-realidade-aumentada-esta-revolucionando-a-direcao\/","title":{"rendered":"A era dos carros aut\u00f4nomos: como a realidade aumentada est\u00e1 revolucionando a dire\u00e7\u00e3o!"},"content":{"rendered":"\n<p>Primeiramente foram as centrais multim\u00eddia que come\u00e7aram a ganhar telas cada vez maiores, reunindo um n\u00famero crescente de informa\u00e7\u00f5es e fun\u00e7\u00f5es. De 8\u201d passaram para 10\u201d, 12\u201d, 17\u201d, 30\u201d, at\u00e9 ocuparem todo o frontal da cabine, como no Mercedes-AMG EQS. Depois, os pain\u00e9is de instrumentos come\u00e7aram a encolher, chegando a desaparecer, como no Volvo EX30.<\/p>\n\n\n\n<p>Contudo, o pr\u00f3ximo passo, j\u00e1 com algumas manifesta\u00e7\u00f5es ainda t\u00edmidas, ser\u00e1 os para-brisas se tornarem grandes telas de proje\u00e7\u00e3o, trazendo todas as informa\u00e7\u00f5es que os motoristas e os passageiros necessitam a bordo. Falta pouco para esse dia chegar. Audi e Mercedes j\u00e1 apresentaram propostas, e a nova gera\u00e7\u00e3o da BMW S\u00e9rie 3, esperada para o final de 2026, deve ter uma tela que poder\u00e1 ser vista at\u00e9 pelos que viajam no banco traseiro. Conhe\u00e7a tamb\u00e9m a lista com os <a href=\"https:\/\/terrabrasilnoticias.com\/2024\/09\/os-10-carros-mais-economicos-do-brasil-para-2025\/\">10 carros<\/a> mais econ\u00f4micos para 2025.<\/p>\n\n\n\n<h2 class=\"wp-block-heading\">Como funciona o head-up display ampliado?<\/h2>\n\n\n<div class=\"wp-block-image\">\n<figure class=\"alignleft\" id=\"attachment_197181\"><img decoding=\"async\" src=\"https:\/\/terrabrasilnoticias.com\/wp-content\/uploads\/2024\/09\/volvoex30_horizontal_interior1-1024x576-1-300x169.jpg\" alt=\"\"\/><figcaption class=\"wp-element-caption\">Foto: Reprodu\u00e7\u00e3o<\/figcaption><\/figure>\n<\/div>\n\n\n<p>Entretanto, esse head-up display ampliado vai permitir que o motorista dirija sem tirar os olhos da estrada, combinando recursos de realidade virtual e realidade aumentada, que mistura imagens reais \u00e0s virtuais. Aplicada aos carros aut\u00f4nomos, essa tela ter\u00e1 a finalidade de manter os ocupantes informados do que acontece durante a viagem, ou simplesmente como recurso para entretenimento a bordo. As crian\u00e7as nunca mais v\u00e3o perguntar aos pais se ainda falta muito para chegar ao destino.<\/p>\n\n\n\n<h2 class=\"wp-block-heading\">Condu\u00e7\u00e3o por instrumentos: o futuro est\u00e1 aqui?<\/h2>\n\n\n\n<p>Ademais, no futuro, os motoristas poder\u00e3o dirigir com a aten\u00e7\u00e3o focada nas informa\u00e7\u00f5es projetadas no para-brisa, imerso em um ambiente virtual. Os ocupantes dos assentos traseiros podem contar com telas exclusivas ou \u00f3culos especiais.<\/p>\n\n\n\n<p>Atualmente, em v\u00e1rios modelos \u00e0 venda inclusive no Brasil, os condutores recebem indica\u00e7\u00f5es de dire\u00e7\u00e3o, limites de faixa e presen\u00e7a de pedestres \u00e0 frente, via head-up display ou mesmo pela tela da central multim\u00eddia. A chamada Unidade de Gera\u00e7\u00e3o de Imagens (PGI- <em>Picture Generation Unit<\/em>), que se encontra escondida dentro do painel de bordo, \u00e9 quem projeta as imagens no para-brisa. Uma tela LCD brilhante envia feixes de raios para dois espelhos, que separam os planos mais pr\u00f3ximo e mais distante.<\/p>\n\n\n\n<h2 class=\"wp-block-heading\">O olho m\u00e1gico dos autom\u00f3veis<\/h2>\n\n\n\n<p>Estes espelhos direcionam os feixes para um espelho c\u00f4ncavo com regula\u00e7\u00e3o el\u00e9trica e, a partir da\u00ed, as informa\u00e7\u00f5es s\u00e3o projetadas no para-brisa, no campo de vis\u00e3o do condutor. O sistema ajusta o posicionamento dos s\u00edmbolos de acordo com o ambiente da via. A c\u00e2mara frontal, os sensores de radar e o mapa de navega\u00e7\u00e3o fornecem os dados necess\u00e1rios para a estrutura t\u00e9cnica geral.<\/p>\n\n\n\n<p>Com o avan\u00e7o da tecnologia, n\u00e3o resta d\u00favida de que os para-brisas como telas de proje\u00e7\u00e3o n\u00e3o s\u00e3o mais uma vis\u00e3o futurista, mas uma realidade cada vez mais pr\u00f3xima. Em suma, esses recursos prometem tornar a condu\u00e7\u00e3o mais segura e as viagens mais agrad\u00e1veis, mantendo todos os ocupantes informados e entretidos ao longo do trajeto. O futuro da dire\u00e7\u00e3o est\u00e1 em nossos olhos, e ele parece brilhante.<\/p>\n\n\n\n<p><strong><em>Fonte: Terra Brasil Not\u00edcias<\/em><\/strong><\/p>\n","protected":false},"excerpt":{"rendered":"<p>Primeiramente foram as centrais multim\u00eddia que come\u00e7aram a ganhar telas cada vez maiores, reunindo um n\u00famero crescente de informa\u00e7\u00f5es e<\/p>\n","protected":false},"author":1,"featured_media":7542,"comment_status":"open","ping_status":"open","sticky":false,"template":"","format":"standard","meta":{"footnotes":""},"categories":[2],"tags":[],"class_list":["post-7541","post","type-post","status-publish","format-standard","has-post-thumbnail","hentry","category-noticias"],"_links":{"self":[{"href":"https:\/\/jornaloalvorada.com.br\/site\/wp-json\/wp\/v2\/posts\/7541","targetHints":{"allow":["GET"]}}],"collection":[{"href":"https:\/\/jornaloalvorada.com.br\/site\/wp-json\/wp\/v2\/posts"}],"about":[{"href":"https:\/\/jornaloalvorada.com.br\/site\/wp-json\/wp\/v2\/types\/post"}],"author":[{"embeddable":true,"href":"https:\/\/jornaloalvorada.com.br\/site\/wp-json\/wp\/v2\/users\/1"}],"replies":[{"embeddable":true,"href":"https:\/\/jornaloalvorada.com.br\/site\/wp-json\/wp\/v2\/comments?post=7541"}],"version-history":[{"count":1,"href":"https:\/\/jornaloalvorada.com.br\/site\/wp-json\/wp\/v2\/posts\/7541\/revisions"}],"predecessor-version":[{"id":7543,"href":"https:\/\/jornaloalvorada.com.br\/site\/wp-json\/wp\/v2\/posts\/7541\/revisions\/7543"}],"wp:featuredmedia":[{"embeddable":true,"href":"https:\/\/jornaloalvorada.com.br\/site\/wp-json\/wp\/v2\/media\/7542"}],"wp:attachment":[{"href":"https:\/\/jornaloalvorada.com.br\/site\/wp-json\/wp\/v2\/media?parent=7541"}],"wp:term":[{"taxonomy":"category","embeddable":true,"href":"https:\/\/jornaloalvorada.com.br\/site\/wp-json\/wp\/v2\/categories?post=7541"},{"taxonomy":"post_tag","embeddable":true,"href":"https:\/\/jornaloalvorada.com.br\/site\/wp-json\/wp\/v2\/tags?post=7541"}],"curies":[{"name":"wp","href":"https:\/\/api.w.org\/{rel}","templated":true}]}}