{"id":7535,"date":"2024-10-01T09:00:23","date_gmt":"2024-10-01T13:00:23","guid":{"rendered":"https:\/\/jornaloalvorada.com.br\/site\/?p=7535"},"modified":"2024-10-01T09:00:31","modified_gmt":"2024-10-01T13:00:31","slug":"paleari-lidera-em-nova-alvorada-do-sul-com-ampla-vantagem-revela-pesquisa","status":"publish","type":"post","link":"https:\/\/jornaloalvorada.com.br\/site\/2024\/10\/01\/paleari-lidera-em-nova-alvorada-do-sul-com-ampla-vantagem-revela-pesquisa\/","title":{"rendered":"Paleari lidera em Nova Alvorada do Sul com ampla vantagem, revela pesquisa"},"content":{"rendered":"\n<p>Nova pesquisa realizada pelo Grupo Informa, registrada sob o n\u00famero MS-00480\/2024 na Justi\u00e7a Eleitoral, revela cen\u00e1rio favor\u00e1vel para o candidato e candidato \u00e0 reelei\u00e7\u00e3o Jos\u00e9 Paulo Paleari (PP) na disputa pela Prefeitura de Nova Alvorada do Sul. A pesquisa, realizada entre os dias 23 e 27 de setembro de 2024, entrevistou 400 eleitores do munic\u00edpio e apresenta margem de erro de 4,9 pontos percentuais, estabelecendo lideran\u00e7a consolidada do Pale\u00e1ri em todas as simula\u00e7\u00f5es.<\/p>\n\n\n\n<p>Quando os nomes dos candidatos s\u00e3o apresentados aos participantes (estimulada), Paleari alcan\u00e7a 70,48% dos das inten\u00e7\u00f5es de voto. Dani Mendes (MDB) aparece com 21,01%, enquanto Andr\u00e9 Felipe Belmirio (PSB), o Padre, obteve 0,88% da prefer\u00eancia. O percentual de eleitores indecisos ou que preferiram n\u00e3o responder \u00e9 de 6,95%, e 0,68% disseram que votariam em branco ou anulariam o voto.<\/p>\n\n\n\n<p>Na pesquisa espont\u00e2nea, em que os eleitores indicam suas prefer\u00eancias sem a apresenta\u00e7\u00e3o de lista de candidatos, Paleari \u00e9 o nome mais citado, com 66,92% das inten\u00e7\u00f5es de voto. Dani Mendes aparece com 16,30%, enquanto Padre \u00e9 citado por 0,45% dos eleitores. Um total de 15,29% dos entrevistados n\u00e3o soube ou preferiu n\u00e3o responder e 1,04% optaram por branco ou nulo.<\/p>\n\n\n\n<p>Quando questionados sobre quem \u201cn\u00e3o votariam de jeito nenhum\u201d para prefeito de Nova Alvorada do Sul, 35,41% dos eleitores indicaram Dani Mendes, seguido pelo Padre com 30,73%. J\u00e1 Paleari aparece com 14,01%, 16% est\u00e3o indecisos e 3,12% responderam nenhum dos candidatos.<\/p>\n\n\n\n<p><em><strong>Fonte: Folha da Cidade MS<\/strong><\/em><\/p>\n","protected":false},"excerpt":{"rendered":"<p>Nova pesquisa realizada pelo Grupo Informa, registrada sob o n\u00famero MS-00480\/2024 na Justi\u00e7a Eleitoral, revela cen\u00e1rio favor\u00e1vel para o candidato<\/p>\n","protected":false},"author":1,"featured_media":7536,"comment_status":"open","ping_status":"open","sticky":false,"template":"","format":"standard","meta":{"footnotes":""},"categories":[2],"tags":[],"class_list":["post-7535","post","type-post","status-publish","format-standard","has-post-thumbnail","hentry","category-noticias"],"_links":{"self":[{"href":"https:\/\/jornaloalvorada.com.br\/site\/wp-json\/wp\/v2\/posts\/7535","targetHints":{"allow":["GET"]}}],"collection":[{"href":"https:\/\/jornaloalvorada.com.br\/site\/wp-json\/wp\/v2\/posts"}],"about":[{"href":"https:\/\/jornaloalvorada.com.br\/site\/wp-json\/wp\/v2\/types\/post"}],"author":[{"embeddable":true,"href":"https:\/\/jornaloalvorada.com.br\/site\/wp-json\/wp\/v2\/users\/1"}],"replies":[{"embeddable":true,"href":"https:\/\/jornaloalvorada.com.br\/site\/wp-json\/wp\/v2\/comments?post=7535"}],"version-history":[{"count":1,"href":"https:\/\/jornaloalvorada.com.br\/site\/wp-json\/wp\/v2\/posts\/7535\/revisions"}],"predecessor-version":[{"id":7537,"href":"https:\/\/jornaloalvorada.com.br\/site\/wp-json\/wp\/v2\/posts\/7535\/revisions\/7537"}],"wp:featuredmedia":[{"embeddable":true,"href":"https:\/\/jornaloalvorada.com.br\/site\/wp-json\/wp\/v2\/media\/7536"}],"wp:attachment":[{"href":"https:\/\/jornaloalvorada.com.br\/site\/wp-json\/wp\/v2\/media?parent=7535"}],"wp:term":[{"taxonomy":"category","embeddable":true,"href":"https:\/\/jornaloalvorada.com.br\/site\/wp-json\/wp\/v2\/categories?post=7535"},{"taxonomy":"post_tag","embeddable":true,"href":"https:\/\/jornaloalvorada.com.br\/site\/wp-json\/wp\/v2\/tags?post=7535"}],"curies":[{"name":"wp","href":"https:\/\/api.w.org\/{rel}","templated":true}]}}