{"id":7532,"date":"2024-09-30T10:37:09","date_gmt":"2024-09-30T14:37:09","guid":{"rendered":"https:\/\/jornaloalvorada.com.br\/site\/?p=7532"},"modified":"2024-09-30T10:37:11","modified_gmt":"2024-09-30T14:37:11","slug":"anel-de-fogo-eclipse-solar-podera-ser-visto-do-brasil","status":"publish","type":"post","link":"https:\/\/jornaloalvorada.com.br\/site\/2024\/09\/30\/anel-de-fogo-eclipse-solar-podera-ser-visto-do-brasil\/","title":{"rendered":"\u201cAnel de fogo\u201d: eclipse solar poder\u00e1 ser visto do Brasil"},"content":{"rendered":"\n<h3 class=\"wp-block-heading\">Fen\u00f4meno em que Lua se alinha entre a Terra e o Sol acontece nesta quarta-feira (2)<\/h3>\n\n\n\n<p>Nesta quarta-feira (2), deve ocorrer o Eclipse Anular do Sol \u2014 fen\u00f4meno astron\u00f4mico conhecido como \u2018<strong>Anel de Fogo<\/strong>\u2018 porque forma um c\u00edrculo brilhante no c\u00e9u.<\/p>\n\n\n\n<p>O fen\u00f4meno acontece quando a Lua alinha entre a Terra e o Sol, e o seu di\u00e2metro aparente est\u00e1 menor do que o Sol. Assim, a sombra da Lua n\u00e3o cobre totalmente o Sol. O efeito \u00e9 parecido com um anel.<\/p>\n\n\n\n<p>O eclipse ser\u00e1 visto como anular em uma estreita faixa que passa pelo oceano Pac\u00edfico, oceano Atl\u00e2ntico e no extremo sul da <strong>Am\u00e9rica do Sul<\/strong>, o que inclui Chile e Argentina, de acordo com o Observat\u00f3rio Nacional (ON).<\/p>\n\n\n\n<p>No Brasil, o fen\u00f4meno deve ser vis\u00edvel na parte sul das <strong>regi\u00f5es Sudeste e Centro-oeste e toda a regi\u00e3o Sul<\/strong>. Quanto mais ao sul, maior ser\u00e1 a \u00e1rea eclipsada, segundo a astr\u00f4noma do ON, Josina Nascimento.<\/p>\n\n\n\n<h2 class=\"wp-block-heading\">Como observar o eclipse<\/h2>\n\n\n\n<p>O \u201cAnel de Fogo\u201d deve ser visto pr\u00f3ximo ao<strong> p\u00f4r do sol<\/strong>. Por isso, a recomenda\u00e7\u00e3o \u00e9 estar em um local com vista desimpedida para o oeste. O hor\u00e1rio do evento depende do estado do Brasil.<\/p>\n\n\n\n<p>\u201cEm hip\u00f3tese alguma olhe diretamente para o Sol sem prote\u00e7\u00e3o adequada. \u00d3culos escuros, chapas de raio-X ou outros filtros caseiros n\u00e3o protegem contra os danos. \u00c9 essencial utilizar <strong>filtros certificados<\/strong>, como os \u00f3culos especiais para observa\u00e7\u00e3o solar ou vidros de soldador 14\u2033, alerta a astr\u00f4noma.<\/p>\n\n\n\n<p>O ON far\u00e1 uma transmiss\u00e3o ao vivo do eclipse no canal no <a href=\"https:\/\/www.youtube.com\/watch?v=uVeMFELkRKU\">YouTube<\/a>.<\/p>\n\n\n\n<p><strong><em>Fonte: CNN Brasil<\/em><\/strong><\/p>\n","protected":false},"excerpt":{"rendered":"<p>Fen\u00f4meno em que Lua se alinha entre a Terra e o Sol acontece nesta quarta-feira (2) Nesta quarta-feira (2), deve<\/p>\n","protected":false},"author":1,"featured_media":7533,"comment_status":"open","ping_status":"open","sticky":false,"template":"","format":"standard","meta":{"footnotes":""},"categories":[3],"tags":[],"class_list":["post-7532","post","type-post","status-publish","format-standard","has-post-thumbnail","hentry","category-social"],"_links":{"self":[{"href":"https:\/\/jornaloalvorada.com.br\/site\/wp-json\/wp\/v2\/posts\/7532","targetHints":{"allow":["GET"]}}],"collection":[{"href":"https:\/\/jornaloalvorada.com.br\/site\/wp-json\/wp\/v2\/posts"}],"about":[{"href":"https:\/\/jornaloalvorada.com.br\/site\/wp-json\/wp\/v2\/types\/post"}],"author":[{"embeddable":true,"href":"https:\/\/jornaloalvorada.com.br\/site\/wp-json\/wp\/v2\/users\/1"}],"replies":[{"embeddable":true,"href":"https:\/\/jornaloalvorada.com.br\/site\/wp-json\/wp\/v2\/comments?post=7532"}],"version-history":[{"count":1,"href":"https:\/\/jornaloalvorada.com.br\/site\/wp-json\/wp\/v2\/posts\/7532\/revisions"}],"predecessor-version":[{"id":7534,"href":"https:\/\/jornaloalvorada.com.br\/site\/wp-json\/wp\/v2\/posts\/7532\/revisions\/7534"}],"wp:featuredmedia":[{"embeddable":true,"href":"https:\/\/jornaloalvorada.com.br\/site\/wp-json\/wp\/v2\/media\/7533"}],"wp:attachment":[{"href":"https:\/\/jornaloalvorada.com.br\/site\/wp-json\/wp\/v2\/media?parent=7532"}],"wp:term":[{"taxonomy":"category","embeddable":true,"href":"https:\/\/jornaloalvorada.com.br\/site\/wp-json\/wp\/v2\/categories?post=7532"},{"taxonomy":"post_tag","embeddable":true,"href":"https:\/\/jornaloalvorada.com.br\/site\/wp-json\/wp\/v2\/tags?post=7532"}],"curies":[{"name":"wp","href":"https:\/\/api.w.org\/{rel}","templated":true}]}}