{"id":7529,"date":"2024-09-30T10:07:44","date_gmt":"2024-09-30T14:07:44","guid":{"rendered":"https:\/\/jornaloalvorada.com.br\/site\/?p=7529"},"modified":"2024-09-30T10:07:46","modified_gmt":"2024-09-30T14:07:46","slug":"motivo-para-gusttavo-lima-ter-deixado-o-pais-as-pressas-vem-a-tona","status":"publish","type":"post","link":"https:\/\/jornaloalvorada.com.br\/site\/2024\/09\/30\/motivo-para-gusttavo-lima-ter-deixado-o-pais-as-pressas-vem-a-tona\/","title":{"rendered":"Motivo para Gusttavo Lima ter deixado o pa\u00eds \u00e0s pressas vem \u00e0 tona"},"content":{"rendered":"\n<p>O motivo para <strong><a href=\"https:\/\/www.instagram.com\/gusttavolima\/\">Gusttavo Lima<\/a><\/strong> ter deixado o Brasil \u00e0s pressas veio \u00e0 tona. O artista foi indiciado pela Pol\u00edcia Civil de Pernambuco ap\u00f3s a apreens\u00e3o de R$ 150 mil na sede da <strong><a href=\"https:\/\/www.correiobraziliense.com.br\/colunistas\/mariana-morais\">Balada Eventos e Produ\u00e7\u00f5es<\/a><\/strong>, empresa de shows&nbsp;que pertence ao&nbsp;cantor em Goi\u00e2nia.<\/p>\n\n\n\n<p>De acordo com as informa\u00e7\u00f5es divulgadas, no \u00faltimo domingo (29), pelo programa Fant\u00e1stico, na Globo,&nbsp;18 notas fiscais foram fracionadas, emitidas no mesmo dia para a Pix 365 (Vai de Bet), da qual ele \u00e9 s\u00f3cio. Vale ressaltar que, a empresa tamb\u00e9m faz parte das bets investigadas na opera\u00e7\u00e3o.<\/p>\n\n\n\n<p>Entretanto, a equipe do&nbsp;famoso confirmou que&nbsp;ele estaria em solo Norte-Americano, nos Estados Unidos com a fam\u00edlia. Na ocasi\u00e3o, ele deixou o Brasil, no \u00faltimo domingo (29), ap\u00f3s&nbsp;apresentar um show e voltou para a sua mans\u00e3o em Miami.&nbsp;<\/p>\n\n\n\n<p>Nas redes sociais, os internautas comentaram sobre os \u00faltimos acontecimentos: &#8220;O&nbsp;cara claramente fugindo e o povo defendendo&#8221;, disse um usu\u00e1rio. &#8220;Estou do lado da lei, quem errou que pague&#8221;, comentou outro. &#8220;Ficha limpa\u201d n\u00e3o foge do pa\u00eds&#8221;, opinou mais um.&nbsp;<\/p>\n\n\n\n<p>Vale lembrar que, a pris\u00e3o do marido da Andressa Su\u00edta,&nbsp;chegou a ser decretada pela Justi\u00e7a de Pernambuco, mas foi revogada, na \u00faltima ter\u00e7a (26).&nbsp;<\/p>\n\n\n\n<p><strong><em>Fonte: Correio Braziliense<\/em><\/strong><\/p>\n","protected":false},"excerpt":{"rendered":"<p>O motivo para Gusttavo Lima ter deixado o Brasil \u00e0s pressas veio \u00e0 tona. O artista foi indiciado pela Pol\u00edcia<\/p>\n","protected":false},"author":1,"featured_media":7530,"comment_status":"open","ping_status":"open","sticky":false,"template":"","format":"standard","meta":{"footnotes":""},"categories":[3],"tags":[],"class_list":["post-7529","post","type-post","status-publish","format-standard","has-post-thumbnail","hentry","category-social"],"_links":{"self":[{"href":"https:\/\/jornaloalvorada.com.br\/site\/wp-json\/wp\/v2\/posts\/7529","targetHints":{"allow":["GET"]}}],"collection":[{"href":"https:\/\/jornaloalvorada.com.br\/site\/wp-json\/wp\/v2\/posts"}],"about":[{"href":"https:\/\/jornaloalvorada.com.br\/site\/wp-json\/wp\/v2\/types\/post"}],"author":[{"embeddable":true,"href":"https:\/\/jornaloalvorada.com.br\/site\/wp-json\/wp\/v2\/users\/1"}],"replies":[{"embeddable":true,"href":"https:\/\/jornaloalvorada.com.br\/site\/wp-json\/wp\/v2\/comments?post=7529"}],"version-history":[{"count":1,"href":"https:\/\/jornaloalvorada.com.br\/site\/wp-json\/wp\/v2\/posts\/7529\/revisions"}],"predecessor-version":[{"id":7531,"href":"https:\/\/jornaloalvorada.com.br\/site\/wp-json\/wp\/v2\/posts\/7529\/revisions\/7531"}],"wp:featuredmedia":[{"embeddable":true,"href":"https:\/\/jornaloalvorada.com.br\/site\/wp-json\/wp\/v2\/media\/7530"}],"wp:attachment":[{"href":"https:\/\/jornaloalvorada.com.br\/site\/wp-json\/wp\/v2\/media?parent=7529"}],"wp:term":[{"taxonomy":"category","embeddable":true,"href":"https:\/\/jornaloalvorada.com.br\/site\/wp-json\/wp\/v2\/categories?post=7529"},{"taxonomy":"post_tag","embeddable":true,"href":"https:\/\/jornaloalvorada.com.br\/site\/wp-json\/wp\/v2\/tags?post=7529"}],"curies":[{"name":"wp","href":"https:\/\/api.w.org\/{rel}","templated":true}]}}