{"id":7526,"date":"2024-09-30T10:03:06","date_gmt":"2024-09-30T14:03:06","guid":{"rendered":"https:\/\/jornaloalvorada.com.br\/site\/?p=7526"},"modified":"2024-09-30T10:03:08","modified_gmt":"2024-09-30T14:03:08","slug":"ex-goleiro-do-flamengo-bruno-ganhou-indenizacao-milionaria-na-justica","status":"publish","type":"post","link":"https:\/\/jornaloalvorada.com.br\/site\/2024\/09\/30\/ex-goleiro-do-flamengo-bruno-ganhou-indenizacao-milionaria-na-justica\/","title":{"rendered":"Ex-goleiro do Flamengo, Bruno ganhou indeniza\u00e7\u00e3o milion\u00e1ria na Justi\u00e7a"},"content":{"rendered":"\n<p>Em 2023, o ex-goleiro Bruno Fernandes de Souza, not\u00f3rio pelo caso do assassinato de Eliza Samudio, alcan\u00e7ou uma vit\u00f3ria judicial ao processar a Editora <a href=\"https:\/\/terrabrasilnoticias.com\/2024\/09\/candidatos-elogiam-nivel-das-discussoes-e-ausencia-de-baixarias-e-agressoes-no-debate-da-record\/\">Record<\/a>. O conflito nasceu da utiliza\u00e7\u00e3o de sua imagem na capa do livro \u201cIndefens\u00e1vel \u2013 O Goleiro Bruno e a Hist\u00f3ria da Morte de Eliza Samudio\u201d sem sua permiss\u00e3o. Bruno requereu uma indeniza\u00e7\u00e3o de R$ 1 milh\u00e3o por sentir-se lesado pela aus\u00eancia de autoriza\u00e7\u00e3o.<\/p>\n\n\n\n<p>A decis\u00e3o do juiz Luiz Cl\u00e1udio Silva Jardim Marinho determinou que Bruno recebesse uma indeniza\u00e7\u00e3o de R$ 30 mil. Apesar do valor ser bem menor do que o pleiteado, a senten\u00e7a pontuou a import\u00e2ncia da autoriza\u00e7\u00e3o formal para o uso da imagem, estabelecendo um marco na jurisprud\u00eancia sobre direitos de imagem.<\/p>\n\n\n\n<figure class=\"wp-block-image\"><img decoding=\"async\" src=\"https:\/\/terrabrasilnoticias.com\/wp-content\/uploads\/2024\/09\/image-210.png\" alt=\"Ex-goleiro do Flamengo, Bruno ganhou indeniza\u00e7\u00e3o milion\u00e1ria na Justi\u00e7a\"\/><figcaption class=\"wp-element-caption\">Reprodu\u00e7\u00e3o\/Instagram<\/figcaption><\/figure>\n\n\n\n<h2 class=\"wp-block-heading\">A Venda do Livro Ser\u00e1 Prejudicada?<\/h2>\n\n\n\n<p>Durante o processo, a Editora Record defendeu-se afirmando que a fotografia de Bruno havia sido utilizada com a autoriza\u00e7\u00e3o do fot\u00f3grafo Alexsandro Lig\u00f3rio. No entanto, o juiz Marinho entendeu que a responsabilidade pela autoriza\u00e7\u00e3o do uso da imagem era da editora, n\u00e3o do fot\u00f3grafo. Assim, Bruno obteve a indeniza\u00e7\u00e3o de R$ 30 mil, mas teve os pedidos de interrup\u00e7\u00e3o das vendas do livro e partilha dos lucros negados.<\/p>\n\n\n\n<p>A decis\u00e3o levou em conta o princ\u00edpio da razoabilidade, ponderando que o caso j\u00e1 recebeu ampla cobertura midi\u00e1tica. A alega\u00e7\u00e3o de que a imagem de Bruno no livro justificaria uma divis\u00e3o de lucros foi desconsiderada, refor\u00e7ando a necessidade de permiss\u00f5es expl\u00edcitas em situa\u00e7\u00f5es de grande exposi\u00e7\u00e3o p\u00fablica.<\/p>\n\n\n\n<h2 class=\"wp-block-heading\">Por que s\u00e3o Necess\u00e1rias Autoriza\u00e7\u00f5es Expl\u00edcitas?<\/h2>\n\n\n\n<p>O caso trouxe \u00e0 tona a import\u00e2ncia dos direitos de imagem e a necessidade de receber permiss\u00e3o expl\u00edcita para o uso dessas imagens em publica\u00e7\u00f5es, especialmente quando se trata de situa\u00e7\u00f5es amplamente divulgadas. Bruno argumentou que a Editora Record n\u00e3o obteve diretamente sua permiss\u00e3o, um ponto crucial em sua reclama\u00e7\u00e3o.<\/p>\n\n\n\n<p>A defesa da editora, fundamentada na autoriza\u00e7\u00e3o do fot\u00f3grafo, n\u00e3o foi suficiente para o juiz, que sublinhou a necessidade de receber autoriza\u00e7\u00e3o diretamente da pessoa retratada. Isso enfatiza a import\u00e2ncia de obter o consentimento expl\u00edcito das pessoas cujas imagens ser\u00e3o usadas.<\/p>\n\n\n\n<h2 class=\"wp-block-heading\">Quais s\u00e3o as Implica\u00e7\u00f5es para o Futuro das Publica\u00e7\u00f5es?<\/h2>\n\n\n\n<p>Este veredito possui implica\u00e7\u00f5es abrangentes para a administra\u00e7\u00e3o de direitos de imagem em futuras publica\u00e7\u00f5es, em particular para aquelas que envolvam grande visibilidade na m\u00eddia. A decis\u00e3o reitera a necessidade de buscar autoriza\u00e7\u00e3o direta da pessoa cuja imagem ser\u00e1 utilizada, independentemente de outras permiss\u00f5es intermedi\u00e1rias obtidas.<\/p>\n\n\n\n<p>A partir deste precedente, espera-se que editores e autores sejam mais diligentes e respeitosos em rela\u00e7\u00e3o aos direitos de imagem, adotando pr\u00e1ticas mais rigorosas. Tornar-se-\u00e1 uma norma buscar uma autoriza\u00e7\u00e3o formal e expl\u00edcita da pessoa retratada, principalmente em situa\u00e7\u00f5es de grande exposi\u00e7\u00e3o midi\u00e1tica.<\/p>\n\n\n\n<p><strong><em>Fonte: Terra Brasil Not\u00edcias<\/em><\/strong><\/p>\n","protected":false},"excerpt":{"rendered":"<p>Em 2023, o ex-goleiro Bruno Fernandes de Souza, not\u00f3rio pelo caso do assassinato de Eliza Samudio, alcan\u00e7ou uma vit\u00f3ria judicial<\/p>\n","protected":false},"author":1,"featured_media":7527,"comment_status":"open","ping_status":"open","sticky":false,"template":"","format":"standard","meta":{"footnotes":""},"categories":[2],"tags":[],"class_list":["post-7526","post","type-post","status-publish","format-standard","has-post-thumbnail","hentry","category-noticias"],"_links":{"self":[{"href":"https:\/\/jornaloalvorada.com.br\/site\/wp-json\/wp\/v2\/posts\/7526","targetHints":{"allow":["GET"]}}],"collection":[{"href":"https:\/\/jornaloalvorada.com.br\/site\/wp-json\/wp\/v2\/posts"}],"about":[{"href":"https:\/\/jornaloalvorada.com.br\/site\/wp-json\/wp\/v2\/types\/post"}],"author":[{"embeddable":true,"href":"https:\/\/jornaloalvorada.com.br\/site\/wp-json\/wp\/v2\/users\/1"}],"replies":[{"embeddable":true,"href":"https:\/\/jornaloalvorada.com.br\/site\/wp-json\/wp\/v2\/comments?post=7526"}],"version-history":[{"count":1,"href":"https:\/\/jornaloalvorada.com.br\/site\/wp-json\/wp\/v2\/posts\/7526\/revisions"}],"predecessor-version":[{"id":7528,"href":"https:\/\/jornaloalvorada.com.br\/site\/wp-json\/wp\/v2\/posts\/7526\/revisions\/7528"}],"wp:featuredmedia":[{"embeddable":true,"href":"https:\/\/jornaloalvorada.com.br\/site\/wp-json\/wp\/v2\/media\/7527"}],"wp:attachment":[{"href":"https:\/\/jornaloalvorada.com.br\/site\/wp-json\/wp\/v2\/media?parent=7526"}],"wp:term":[{"taxonomy":"category","embeddable":true,"href":"https:\/\/jornaloalvorada.com.br\/site\/wp-json\/wp\/v2\/categories?post=7526"},{"taxonomy":"post_tag","embeddable":true,"href":"https:\/\/jornaloalvorada.com.br\/site\/wp-json\/wp\/v2\/tags?post=7526"}],"curies":[{"name":"wp","href":"https:\/\/api.w.org\/{rel}","templated":true}]}}