{"id":7497,"date":"2024-09-26T07:23:44","date_gmt":"2024-09-26T11:23:44","guid":{"rendered":"https:\/\/jornaloalvorada.com.br\/site\/?p=7497"},"modified":"2024-09-26T07:23:47","modified_gmt":"2024-09-26T11:23:47","slug":"adolescente-brasileiro-morre-no-libano-apos-bombardeio-israelense","status":"publish","type":"post","link":"https:\/\/jornaloalvorada.com.br\/site\/2024\/09\/26\/adolescente-brasileiro-morre-no-libano-apos-bombardeio-israelense\/","title":{"rendered":"Adolescente brasileiro morre no L\u00edbano ap\u00f3s bombardeio israelense"},"content":{"rendered":"\n<p>O conflito no Oriente M\u00e9dio fez um v\u00edtima brasileira nesta quarta-feira (25). Um adolescente de 15 anos morreu no L\u00edbano ap\u00f3s uma s\u00e9rie de bombardeios de tropas israelenses.&nbsp;Ali Kamal Abdallah foi atingido no Vale do Beqaa, a 30 quil\u00f4metros de Beirute.<img decoding=\"async\" src=\"https:\/\/agenciabrasil.ebc.com.br\/ebc.png?id=1613636&amp;o=node\"><img decoding=\"async\" src=\"https:\/\/agenciabrasil.ebc.com.br\/ebc.gif?id=1613636&amp;o=node\"><\/p>\n\n\n\n<p>O pai do adolescente \u00e9 paraguaio e tamb\u00e9m morreu nas explos\u00f5es. A embaixada do Brasil no L\u00edbano est\u00e1 em contato com a fam\u00edlia.<\/p>\n\n\n\n<p>Mais cedo, o presidente Luiz In\u00e1cio Lula da Silva condenou o conflito entre Israel e o Hezbollah no L\u00edbano. Lula concedeu entrevista \u00e0 imprensa ap\u00f3s \u00faltimo compromisso na 79\u00aa Assembleia Geral das Na\u00e7\u00f5es Unidas (ONU), em Nova York.<\/p>\n\n\n\n<p>\u201c\u00c9 importante a gente lembrar que no L\u00edbano o total de mortos \u00e9 620 pessoas. \u00c9 o maior n\u00famero de mortos desde a guerra civil que durou entre 1975 e 1990. \u00c9 importante lembrar tamb\u00e9m que morreram 94 mulheres e 50 crian\u00e7as, 2.058 pessoas feridas e 10 mil pessoas for\u00e7adas a recuar e esvaziar suas casas\u201d, disse Lula.<\/p>\n\n\n\n<h2 class=\"wp-block-heading\">Rep\u00fadio<\/h2>\n\n\n\n<p>Na segunda-feira (23), o governo brasileiro condenou \u201cnos mais fortes termos\u201d\u00a0os cont\u00ednuos ataques a\u00e9reos israelenses contra \u00e1reas civis em Beirute, no Sul do L\u00edbano (foto) e no Vale do Beqaa. O Minist\u00e9rio das Rela\u00e7\u00f5es Exteriores tamb\u00e9m recomendou aos brasileiros que deixassem a \u00e1rea conflagrada. O aeroporto de Beirute continua aberto, mas o governo avalia a necessidade de uma opera\u00e7\u00e3o de repatria\u00e7\u00e3o.<\/p>\n\n\n\n<p>Israel e o grupo Hezbollah, do L\u00edbano, t\u00eam trocado tiros atrav\u00e9s da fronteira desde o in\u00edcio da atual guerra em Gaza no ano passado, detonada ap\u00f3s um ataque do Hamas, aliado do Hezbollah, mas Israel intensificou sua campanha militar na \u00faltima semana.<\/p>\n\n\n\n<p>Em nota, o Itamaraty lamentou as declara\u00e7\u00f5es de autoridades israelenses em favor de opera\u00e7\u00f5es militares e da ocupa\u00e7\u00e3o de parte do territ\u00f3rio liban\u00eas e expressou \u201cgrave preocupa\u00e7\u00e3o\u201d diante das exorta\u00e7\u00f5es do governo israelense para que civis libaneses evacuem suas resid\u00eancias naquelas regi\u00f5es.<\/p>\n\n\n\n<p>\u201cO Brasil renova o apelo \u00e0s partes envolvidas para que cessem, imediatamente, os ataques, de forma a interromper a preocupante escalada de tens\u00f5es, que amea\u00e7a conduzir a regi\u00e3o a conflito de amplas propor\u00e7\u00f5es, com severo impacto negativo sobre popula\u00e7\u00f5es civis\u201d.<\/p>\n\n\n\n<h2 class=\"wp-block-heading\">Assist\u00eancia&nbsp;<\/h2>\n\n\n\n<p>Segundo o Itamaraty, a embaixada do Brasil em Beirute continua prestando assist\u00eancia e fornecendo as orienta\u00e7\u00f5es devidas \u00e0 comunidade brasileira, com a qual mant\u00e9m contato permanente.<\/p>\n\n\n\n<p>Em caso de necessidade, recomenda-se entrar em contato com o plant\u00e3o consular do Itamaraty por meio do n\u00famero +55 (61) 98260-0610 (WhatsApp).<\/p>\n\n\n\n<p><strong><em>Fonte: Ag\u00eancia Brasil<\/em><\/strong><\/p>\n","protected":false},"excerpt":{"rendered":"<p>O conflito no Oriente M\u00e9dio fez um v\u00edtima brasileira nesta quarta-feira (25). Um adolescente de 15 anos morreu no L\u00edbano<\/p>\n","protected":false},"author":1,"featured_media":7498,"comment_status":"open","ping_status":"open","sticky":false,"template":"","format":"standard","meta":{"footnotes":""},"categories":[2],"tags":[],"class_list":["post-7497","post","type-post","status-publish","format-standard","has-post-thumbnail","hentry","category-noticias"],"_links":{"self":[{"href":"https:\/\/jornaloalvorada.com.br\/site\/wp-json\/wp\/v2\/posts\/7497","targetHints":{"allow":["GET"]}}],"collection":[{"href":"https:\/\/jornaloalvorada.com.br\/site\/wp-json\/wp\/v2\/posts"}],"about":[{"href":"https:\/\/jornaloalvorada.com.br\/site\/wp-json\/wp\/v2\/types\/post"}],"author":[{"embeddable":true,"href":"https:\/\/jornaloalvorada.com.br\/site\/wp-json\/wp\/v2\/users\/1"}],"replies":[{"embeddable":true,"href":"https:\/\/jornaloalvorada.com.br\/site\/wp-json\/wp\/v2\/comments?post=7497"}],"version-history":[{"count":1,"href":"https:\/\/jornaloalvorada.com.br\/site\/wp-json\/wp\/v2\/posts\/7497\/revisions"}],"predecessor-version":[{"id":7499,"href":"https:\/\/jornaloalvorada.com.br\/site\/wp-json\/wp\/v2\/posts\/7497\/revisions\/7499"}],"wp:featuredmedia":[{"embeddable":true,"href":"https:\/\/jornaloalvorada.com.br\/site\/wp-json\/wp\/v2\/media\/7498"}],"wp:attachment":[{"href":"https:\/\/jornaloalvorada.com.br\/site\/wp-json\/wp\/v2\/media?parent=7497"}],"wp:term":[{"taxonomy":"category","embeddable":true,"href":"https:\/\/jornaloalvorada.com.br\/site\/wp-json\/wp\/v2\/categories?post=7497"},{"taxonomy":"post_tag","embeddable":true,"href":"https:\/\/jornaloalvorada.com.br\/site\/wp-json\/wp\/v2\/tags?post=7497"}],"curies":[{"name":"wp","href":"https:\/\/api.w.org\/{rel}","templated":true}]}}