{"id":7484,"date":"2024-09-24T08:35:23","date_gmt":"2024-09-24T12:35:23","guid":{"rendered":"https:\/\/jornaloalvorada.com.br\/site\/?p=7484"},"modified":"2024-09-24T08:35:25","modified_gmt":"2024-09-24T12:35:25","slug":"la-nina-intensifica-o-calor-e-seca-na-primavera-brasileira","status":"publish","type":"post","link":"https:\/\/jornaloalvorada.com.br\/site\/2024\/09\/24\/la-nina-intensifica-o-calor-e-seca-na-primavera-brasileira\/","title":{"rendered":"La Ni\u00f1a intensifica o calor e seca na primavera brasileira"},"content":{"rendered":"\n<p>Este ano, a chegada da primavera, marcada neste domingo, dia 22, ser\u00e1 acompanhada por um fen\u00f4meno clim\u00e1tico de grande impacto: <a href=\"https:\/\/terrabrasilnoticias.com\/2024\/09\/la-nina-no-brasil-entenda-os-efeitos-nas-chuvas-e-no-clima\/\" target=\"_blank\" rel=\"noreferrer noopener\">La Ni\u00f1a<\/a>. Segundo especialistas, essa condi\u00e7\u00e3o ir\u00e1 influenciar consideravelmente o clima em v\u00e1rias regi\u00f5es do Brasil, resultando em atrasos nas chuvas e temperaturas acima da m\u00e9dia hist\u00f3rica.<\/p>\n\n\n\n<p>La Ni\u00f1a, caracterizada pelo resfriamento das \u00e1guas do Oceano Pac\u00edfico, j\u00e1 mostra seus efeitos na previs\u00e3o clim\u00e1tica para os pr\u00f3ximos meses.<\/p>\n\n\n\n<h2 class=\"wp-block-heading\">Quais Ser\u00e3o os Impactos de La Ni\u00f1a na Primavera de 2024?<\/h2>\n\n\n\n<p>Em estados como Goi\u00e1s, Mato Grosso, Tocantins, interior de Minas Gerais e interior da regi\u00e3o Nordeste, a previs\u00e3o \u00e9 de que as chuvas s\u00f3 comecem a aparecer entre o final de outubro e in\u00edcio de novembro. At\u00e9 l\u00e1, essas \u00e1reas enfrentar\u00e3o n\u00edveis baixos de umidade e temperaturas elevadas, que poder\u00e3o chegar at\u00e9 40\u00baC. O Instituto Nacional de Meteorologia (<a href=\"https:\/\/portal.inmet.gov.br\/\" target=\"_blank\" rel=\"noreferrer noopener\">Inmet<\/a>) prev\u00ea que essa seca prolongada se estender\u00e1 at\u00e9 meados de novembro.<\/p>\n\n\n\n<p>Nas regi\u00f5es Norte e Nordeste, a quantidade de chuvas ficar\u00e1 abaixo do esperado em \u00e1reas como centro-sul do Maranh\u00e3o e Piau\u00ed. No Sul do pa\u00eds, estados como Paran\u00e1 e Santa Catarina tamb\u00e9m continuar\u00e3o enfrentando seca.<\/p>\n\n\n\n<h2 class=\"wp-block-heading\">O Que Atraso das Chuvas Significa para os Reservat\u00f3rios de \u00c1gua e Energia?<\/h2>\n\n\n\n<p>A demora na chegada das chuvas comprometer\u00e1 a recupera\u00e7\u00e3o dos n\u00edveis dos reservat\u00f3rios de \u00e1gua e energia. Importantes bacias hidrogr\u00e1ficas, como a do Rio Paranapanema, j\u00e1 registram n\u00edveis baixos desde o outono passado.<\/p>\n\n\n\n<p>Embora n\u00e3o se espere um desabastecimento de energia, o aumento nos custos e a mudan\u00e7a para a bandeira vermelha na conta de luz s\u00e3o quase inevit\u00e1veis nos pr\u00f3ximos meses. Na primeira semana de primavera, as temperaturas podem atingir at\u00e9 35\u00baC, indicando um per\u00edodo inicial significativamente quente.<\/p>\n\n\n\n<h2 class=\"wp-block-heading\">Pergunta Fundamental: Como Ser\u00e3o as Chuvas na Primavera de 2024?<\/h2>\n\n\n\n<p>Para o m\u00eas de outubro, as previs\u00f5es indicam temperaturas ligeiramente acima da m\u00e9dia hist\u00f3rica. No entanto, frentes frias na primeira quinzena do m\u00eas poder\u00e3o trazer chuvas moderadas a fortes, resultando em quedas moment\u00e2neas nas temperaturas.<\/p>\n\n\n\n<ul class=\"wp-block-list\">\n<li><strong>Centro-Oeste:<\/strong> Goi\u00e1s, Mato Grosso e Tocantins enfrentar\u00e3o calor excessivo e baixa umidade at\u00e9 o fim de outubro.<\/li>\n\n\n\n<li><strong>Sul:<\/strong> Paran\u00e1 e Santa Catarina continuar\u00e3o lidando com a seca prolongada.<\/li>\n\n\n\n<li><strong>Norte e Nordeste:<\/strong> Precipita\u00e7\u00f5es abaixo do esperado, especialmente no Maranh\u00e3o e Piau\u00ed.<\/li>\n<\/ul>\n\n\n\n<h2 class=\"wp-block-heading\">Tend\u00eancias Clim\u00e1ticas Para o Ver\u00e3o<\/h2>\n\n\n\n<p>Em novembro, a influ\u00eancia de La Ni\u00f1a se intensificar\u00e1, resultando em um clima ainda mais seco. As chuvas entre o final de outubro e in\u00edcio de novembro estar\u00e3o dentro da m\u00e9dia. No entanto, espera-se que dezembro seja mais frio e seco do que o habitual, um padr\u00e3o que pode se manter ao longo de 2025, segundo William Minhoto, meteorologista da Defesa Civil de S\u00e3o Paulo.<\/p>\n\n\n\n<p>Devido aos efeitos persistentes de La Ni\u00f1a, o inverno do pr\u00f3ximo ano tamb\u00e9m poder\u00e1 ser mais rigoroso, com frentes frias mais marcantes.<\/p>\n\n\n\n<h2 class=\"wp-block-heading\">Como os Meteorologistas Fazem Previs\u00f5es Clim\u00e1ticas?<\/h2>\n\n\n\n<p>Fazer previs\u00f5es clim\u00e1ticas \u00e9 uma tarefa complexa que envolve a an\u00e1lise de v\u00e1rias vari\u00e1veis de curto e m\u00e9dio prazo.<\/p>\n\n\n\n<ul class=\"wp-block-list\">\n<li><strong>Monitoramento constante:<\/strong> A observa\u00e7\u00e3o cont\u00ednua das condi\u00e7\u00f5es atmosf\u00e9ricas \u00e9 essencial.<\/li>\n\n\n\n<li><strong>Dados hist\u00f3ricos:<\/strong> A an\u00e1lise de eventos passados ajuda a prever tend\u00eancias futuras.<\/li>\n\n\n\n<li><strong>Tecnologia avan\u00e7ada:<\/strong> Modelos clim\u00e1ticos e sat\u00e9lites aumentam a precis\u00e3o das previs\u00f5es.<\/li>\n<\/ul>\n\n\n\n<p>Gra\u00e7as a essas pr\u00e1ticas, os meteorologistas conseguem antecipar mudan\u00e7as clim\u00e1ticas e preparar a popula\u00e7\u00e3o para diferentes cen\u00e1rios, ainda que imprevistos possam ocorrer.<\/p>\n\n\n\n<p><strong><em>Fonte: Terra Brasil Not\u00edcias<\/em><\/strong><\/p>\n","protected":false},"excerpt":{"rendered":"<p>Este ano, a chegada da primavera, marcada neste domingo, dia 22, ser\u00e1 acompanhada por um fen\u00f4meno clim\u00e1tico de grande impacto:<\/p>\n","protected":false},"author":1,"featured_media":7485,"comment_status":"open","ping_status":"open","sticky":false,"template":"","format":"standard","meta":{"footnotes":""},"categories":[2],"tags":[],"class_list":["post-7484","post","type-post","status-publish","format-standard","has-post-thumbnail","hentry","category-noticias"],"_links":{"self":[{"href":"https:\/\/jornaloalvorada.com.br\/site\/wp-json\/wp\/v2\/posts\/7484","targetHints":{"allow":["GET"]}}],"collection":[{"href":"https:\/\/jornaloalvorada.com.br\/site\/wp-json\/wp\/v2\/posts"}],"about":[{"href":"https:\/\/jornaloalvorada.com.br\/site\/wp-json\/wp\/v2\/types\/post"}],"author":[{"embeddable":true,"href":"https:\/\/jornaloalvorada.com.br\/site\/wp-json\/wp\/v2\/users\/1"}],"replies":[{"embeddable":true,"href":"https:\/\/jornaloalvorada.com.br\/site\/wp-json\/wp\/v2\/comments?post=7484"}],"version-history":[{"count":1,"href":"https:\/\/jornaloalvorada.com.br\/site\/wp-json\/wp\/v2\/posts\/7484\/revisions"}],"predecessor-version":[{"id":7486,"href":"https:\/\/jornaloalvorada.com.br\/site\/wp-json\/wp\/v2\/posts\/7484\/revisions\/7486"}],"wp:featuredmedia":[{"embeddable":true,"href":"https:\/\/jornaloalvorada.com.br\/site\/wp-json\/wp\/v2\/media\/7485"}],"wp:attachment":[{"href":"https:\/\/jornaloalvorada.com.br\/site\/wp-json\/wp\/v2\/media?parent=7484"}],"wp:term":[{"taxonomy":"category","embeddable":true,"href":"https:\/\/jornaloalvorada.com.br\/site\/wp-json\/wp\/v2\/categories?post=7484"},{"taxonomy":"post_tag","embeddable":true,"href":"https:\/\/jornaloalvorada.com.br\/site\/wp-json\/wp\/v2\/tags?post=7484"}],"curies":[{"name":"wp","href":"https:\/\/api.w.org\/{rel}","templated":true}]}}