{"id":7480,"date":"2024-09-23T15:38:31","date_gmt":"2024-09-23T19:38:31","guid":{"rendered":"https:\/\/jornaloalvorada.com.br\/site\/?p=7480"},"modified":"2024-09-23T15:38:34","modified_gmt":"2024-09-23T19:38:34","slug":"justica-de-pernambuco-decreta-prisao-do-cantor-gusttavo-lima","status":"publish","type":"post","link":"https:\/\/jornaloalvorada.com.br\/site\/2024\/09\/23\/justica-de-pernambuco-decreta-prisao-do-cantor-gusttavo-lima\/","title":{"rendered":"Justi\u00e7a de Pernambuco decreta pris\u00e3o do cantor Gusttavo Lima"},"content":{"rendered":"\n<h3 class=\"wp-block-heading\">Empresa do artista \u00e9 investigada por fraude financeira no mesmo inqu\u00e9rito que prendeu a influenciadora Deolane Bezerra<\/h3>\n\n\n\n<p>A Justi\u00e7a de Pernambuco decretou nesta 2\u00aa feira (23.set.2024) a pris\u00e3o de Nivaldo Batista Lima, conhecido como <a href=\"https:\/\/www.poder360.com.br\/tag\/gusttavo-lima\/\" target=\"_blank\" rel=\"noreferrer noopener\">Gusttavo Lima<\/a>. A empresa do cantor sertanejo (Balada Eventos e Produ\u00e7\u00f5es) \u00e9 citada como investigada por fraude financeira e lavagem de dinheiro no mesmo inqu\u00e9rito que prendeu a influenciadora <a href=\"https:\/\/www.poder360.com.br\/tag\/deolane-bezerra\/\" target=\"_blank\" rel=\"noreferrer noopener\">Deolane Bezerra<\/a>.<\/p>\n\n\n\n<p>O mandado de pris\u00e3o preventiva \u00e9 assinado pela ju\u00edza Andrea Calado da Cruz, da 12\u00aa Vara Criminal do Recife, a pedido da Pol\u00edcia Civil de Pernambuco que conduz inqu\u00e9rito que investiga exist\u00eancia de um suposto grupo voltado para lavagem de dinheiro em empresas de apostas. O <strong>Poder360<\/strong> teve acesso \u00e0 decis\u00e3o.<\/p>\n\n\n\n<p>No in\u00edcio de setembro, Pol\u00edcia Civil de Pernambuco deflagrou uma megaopera\u00e7\u00e3o e apreendeu um <a href=\"https:\/\/www.poder360.com.br\/poder-gente\/megaoperacao-contra-jogos-apreendeu-aviao-de-gusttavo-lima\/\" target=\"_blank\" rel=\"noreferrer noopener\">avi\u00e3o no nome de uma empresa de Gusttavo Lima<\/a>, a Balada Eventos e Produ\u00e7\u00f5es LTDA.&nbsp; Tamb\u00e9m foram bloqueados R$ 20 milh\u00f5es nas contas da empresa. Nas redes sociais, o cantor disse n\u00e3o ter <em><a href=\"https:\/\/www.poder360.com.br\/poder-gente\/nao-tenho-nada-a-ver-diz-gusttavo-lima-apos-apreensao-de-aviao\/\" target=\"_blank\" rel=\"noreferrer noopener\">\u201cnada haver\u201d<\/a><\/em> com as investiga\u00e7\u00f5es.<\/p>\n\n\n\n<p>A ju\u00edza Andrea Calado afastou a manifesta\u00e7\u00e3o do MPPE (Minist\u00e9rio P\u00fablico de Pernambuco), que sugeriu outras medidas alternativas a pris\u00e3o preventiva de Gusttavo Lima. E atendeu o pedido do delegado que investiga o caso.<\/p>\n\n\n\n<p>Al\u00e9m do cantor sertanejo, a magistrada tamb\u00e9m decretou a pris\u00e3o do empres\u00e1rio Boris Maciel Padilha.<\/p>\n\n\n\n<h2 class=\"wp-block-heading\">RELA\u00c7\u00c3O COM INVESTIGADOS<\/h2>\n\n\n\n<p>Entre os alvos da megaopera\u00e7\u00e3o deflagrada no in\u00edcio de setembro estavam Jo\u00e3o Andr\u00e9 da Rocha e Aislla Sabrina Truta, propriet\u00e1rios de uma holding chamada Bets Sports Group, que integra a VaideBet.<\/p>\n\n\n\n<p>Jos\u00e9 esteve no anivers\u00e1rio de 35 anos do cantor sertanejo em 3 de setembro, em um iate luxuoso em Mykonos, ilha na Gr\u00e9cia. A celebra\u00e7\u00e3o contou com a presen\u00e7a de outros artistas e tamb\u00e9m do ministro Nunes Marques, do STF (Supremo Tribunal Federal).<\/p>\n\n\n\n<p><strong><em>Fonte: Poder360<\/em><\/strong><\/p>\n","protected":false},"excerpt":{"rendered":"<p>Empresa do artista \u00e9 investigada por fraude financeira no mesmo inqu\u00e9rito que prendeu a influenciadora Deolane Bezerra A Justi\u00e7a de<\/p>\n","protected":false},"author":1,"featured_media":7481,"comment_status":"open","ping_status":"open","sticky":false,"template":"","format":"standard","meta":{"footnotes":""},"categories":[2],"tags":[],"class_list":["post-7480","post","type-post","status-publish","format-standard","has-post-thumbnail","hentry","category-noticias"],"_links":{"self":[{"href":"https:\/\/jornaloalvorada.com.br\/site\/wp-json\/wp\/v2\/posts\/7480","targetHints":{"allow":["GET"]}}],"collection":[{"href":"https:\/\/jornaloalvorada.com.br\/site\/wp-json\/wp\/v2\/posts"}],"about":[{"href":"https:\/\/jornaloalvorada.com.br\/site\/wp-json\/wp\/v2\/types\/post"}],"author":[{"embeddable":true,"href":"https:\/\/jornaloalvorada.com.br\/site\/wp-json\/wp\/v2\/users\/1"}],"replies":[{"embeddable":true,"href":"https:\/\/jornaloalvorada.com.br\/site\/wp-json\/wp\/v2\/comments?post=7480"}],"version-history":[{"count":1,"href":"https:\/\/jornaloalvorada.com.br\/site\/wp-json\/wp\/v2\/posts\/7480\/revisions"}],"predecessor-version":[{"id":7482,"href":"https:\/\/jornaloalvorada.com.br\/site\/wp-json\/wp\/v2\/posts\/7480\/revisions\/7482"}],"wp:featuredmedia":[{"embeddable":true,"href":"https:\/\/jornaloalvorada.com.br\/site\/wp-json\/wp\/v2\/media\/7481"}],"wp:attachment":[{"href":"https:\/\/jornaloalvorada.com.br\/site\/wp-json\/wp\/v2\/media?parent=7480"}],"wp:term":[{"taxonomy":"category","embeddable":true,"href":"https:\/\/jornaloalvorada.com.br\/site\/wp-json\/wp\/v2\/categories?post=7480"},{"taxonomy":"post_tag","embeddable":true,"href":"https:\/\/jornaloalvorada.com.br\/site\/wp-json\/wp\/v2\/tags?post=7480"}],"curies":[{"name":"wp","href":"https:\/\/api.w.org\/{rel}","templated":true}]}}