{"id":7461,"date":"2024-09-20T10:08:13","date_gmt":"2024-09-20T14:08:13","guid":{"rendered":"https:\/\/jornaloalvorada.com.br\/site\/?p=7461"},"modified":"2024-09-20T10:08:16","modified_gmt":"2024-09-20T14:08:16","slug":"previsao-do-tempo-para-sexta-feira-e-de-chuva-e-ate-tempestades-na-metade-sul-e-oeste-de-ms","status":"publish","type":"post","link":"https:\/\/jornaloalvorada.com.br\/site\/2024\/09\/20\/previsao-do-tempo-para-sexta-feira-e-de-chuva-e-ate-tempestades-na-metade-sul-e-oeste-de-ms\/","title":{"rendered":"Previs\u00e3o do tempo para sexta-feira \u00e9 de chuva e at\u00e9 tempestades na metade sul e oeste de MS"},"content":{"rendered":"\n<p>Mato Grosso do Sul termina a semana com previs\u00e3o de chuva e at\u00e9 tempestadades acompanhadas de raios e rajadas de vento na metade sul e regi\u00e3o oeste do Estado, conforme relat\u00f3rio do Cemtec (Centro de Monitoramento do Tempo e do Clima), \u00f3rg\u00e3o do Governo do Estado vinculado \u00e0 Semadesc (Secretaria de Meio Ambiente, Desenvolvimento, Ci\u00eancia, Tecnologia e Inova\u00e7\u00e3o).<\/p>\n\n\n\n<p>Essa mudan\u00e7a no tempo deve acontecer devido ao avan\u00e7o de uma frente fria oce\u00e2nica, em combina\u00e7\u00e3o com o deslocamento de cavados na atmosfera e o transporte de calor e umidade. Embora a probabilidade de chuva seja alta, n\u00e3o se espera uma queda significativa nas temperaturas, apenas uma leve diminui\u00e7\u00e3o nas m\u00e1ximas.<\/p>\n\n\n\n<p>Os acumulados de chuva devem variar em torno de 20-30 mm, especialmente na regi\u00e3o sul do Mato Grosso do Sul, embora possam ocorrer acumulados pontuais mais expressivos. As temperaturas permanecer\u00e3o elevadas, com m\u00e1ximas podendo chegar a 38-39\u00b0C.<\/p>\n\n\n\n<p>A umidade relativa do ar tende a melhorar, com \u00edndices acima de 60% devido ao aumento da nebulosidade e \u00e0 possibilidade de chuva. Especificamente, as temperaturas m\u00ednimas est\u00e3o previstas para variar entre 20-23\u00b0C nas regi\u00f5es sul, sudeste e leste; entre 24-29\u00b0C nas regi\u00f5es pantaneira e sudoeste; e entre 23-26\u00b0C nas regi\u00f5es do Bols\u00e3o e norte.<\/p>\n\n\n\n<p>Em Campo Grande e munic\u00edpios pr\u00f3ximos, as m\u00ednimas devem ficar entre 24-26\u00b0C, com m\u00e1ximas entre 33-35\u00b0C. Os ventos estar\u00e3o predominando entre os quadrantes leste e norte, com velocidades entre 40-60 km\/h, podendo ocorrer rajadas superiores a 60 km\/h em algumas \u00e1reas.<\/p>\n\n\n\n<p><em>Comunica\u00e7\u00e3o Governo de MS<\/em><br><em>Foto: \u00c1lvaro Rezende<\/em><\/p>\n","protected":false},"excerpt":{"rendered":"<p>Mato Grosso do Sul termina a semana com previs\u00e3o de chuva e at\u00e9 tempestadades acompanhadas de raios e rajadas de<\/p>\n","protected":false},"author":1,"featured_media":7462,"comment_status":"open","ping_status":"open","sticky":false,"template":"","format":"standard","meta":{"footnotes":""},"categories":[2],"tags":[],"class_list":["post-7461","post","type-post","status-publish","format-standard","has-post-thumbnail","hentry","category-noticias"],"_links":{"self":[{"href":"https:\/\/jornaloalvorada.com.br\/site\/wp-json\/wp\/v2\/posts\/7461","targetHints":{"allow":["GET"]}}],"collection":[{"href":"https:\/\/jornaloalvorada.com.br\/site\/wp-json\/wp\/v2\/posts"}],"about":[{"href":"https:\/\/jornaloalvorada.com.br\/site\/wp-json\/wp\/v2\/types\/post"}],"author":[{"embeddable":true,"href":"https:\/\/jornaloalvorada.com.br\/site\/wp-json\/wp\/v2\/users\/1"}],"replies":[{"embeddable":true,"href":"https:\/\/jornaloalvorada.com.br\/site\/wp-json\/wp\/v2\/comments?post=7461"}],"version-history":[{"count":1,"href":"https:\/\/jornaloalvorada.com.br\/site\/wp-json\/wp\/v2\/posts\/7461\/revisions"}],"predecessor-version":[{"id":7463,"href":"https:\/\/jornaloalvorada.com.br\/site\/wp-json\/wp\/v2\/posts\/7461\/revisions\/7463"}],"wp:featuredmedia":[{"embeddable":true,"href":"https:\/\/jornaloalvorada.com.br\/site\/wp-json\/wp\/v2\/media\/7462"}],"wp:attachment":[{"href":"https:\/\/jornaloalvorada.com.br\/site\/wp-json\/wp\/v2\/media?parent=7461"}],"wp:term":[{"taxonomy":"category","embeddable":true,"href":"https:\/\/jornaloalvorada.com.br\/site\/wp-json\/wp\/v2\/categories?post=7461"},{"taxonomy":"post_tag","embeddable":true,"href":"https:\/\/jornaloalvorada.com.br\/site\/wp-json\/wp\/v2\/tags?post=7461"}],"curies":[{"name":"wp","href":"https:\/\/api.w.org\/{rel}","templated":true}]}}