{"id":7458,"date":"2024-09-19T14:01:28","date_gmt":"2024-09-19T18:01:28","guid":{"rendered":"https:\/\/jornaloalvorada.com.br\/site\/?p=7458"},"modified":"2024-09-19T14:01:30","modified_gmt":"2024-09-19T18:01:30","slug":"operacao-contra-pirataria-tira-do-ar-675-sites-e-14-apps-de-streaming-ilegal-e-prende-suspeitos-no-brasil-e-na-argentina","status":"publish","type":"post","link":"https:\/\/jornaloalvorada.com.br\/site\/2024\/09\/19\/operacao-contra-pirataria-tira-do-ar-675-sites-e-14-apps-de-streaming-ilegal-e-prende-suspeitos-no-brasil-e-na-argentina\/","title":{"rendered":"Opera\u00e7\u00e3o contra pirataria tira do ar 675 sites e 14 apps de streaming ilegal e prende suspeitos no Brasil e na Argentina"},"content":{"rendered":"\n<p>A a\u00e7\u00e3o \u00e9 a s\u00e9tima fase da &#8220;Opera\u00e7\u00e3o 404&#8221; \u2013 o nome faz refer\u00eancia ao &#8220;erro 404&#8221; que, no protocolo de internet, indica que o usu\u00e1rio tentou acessar uma p\u00e1gina n\u00e3o encontrada.<\/p>\n\n\n\n<p>De acordo com o minist\u00e9rio, foram cumpridos <strong>30 mandados de busca e apreens\u00e3o<\/strong>.<\/p>\n\n\n\n<p><strong>Oito pessoas foram presas, sendo cinco no Brasil e tr\u00eas na Argentina<\/strong>. No Brasil, apenas um dos presos tinha mandado de pris\u00e3o preventiva \u2013 os outros quatro foram detidos em flagrante.<\/p>\n\n\n\n<p>A opera\u00e7\u00e3o, segundo o governo, faz parte de uma mobiliza\u00e7\u00e3o internacional contra infra\u00e7\u00f5es a direitos autorais.<\/p>\n\n\n\n<p>Al\u00e9m de derrubar os sites, os conte\u00fados (\u00e1udio, v\u00eddeo e jogos, por exemplo) foram removidos dos servidores e desindexados dos mecanismos de buscas. P\u00e1ginas e perfis tamb\u00e9m foram derrubados das redes sociais.<\/p>\n\n\n<div class=\"wp-block-image\">\n<figure class=\"aligncenter\"><img decoding=\"async\" src=\"https:\/\/s2-g1.glbimg.com\/pu-3pgmqyrNlmsE_9TIHjexahIE=\/0x0:1600x1200\/984x0\/smart\/filters:strip_icc()\/i.s3.glbimg.com\/v1\/AUTH_59edd422c0c84a879bd37670ae4f538a\/internal_photos\/bs\/2024\/g\/1\/uCm9yfTQAZzc1jyf1afw\/whatsapp-image-2024-09-19-at-07.17.16.jpeg\" alt=\"Policiais civis cumprem mandados da opera\u00e7\u00e3o 404, contra pirataria, em Curitiba \u2014 Foto: Minist\u00e9rio da Justi\u00e7a\/Divulga\u00e7\u00e3o\"\/><figcaption class=\"wp-element-caption\">Policiais civis cumprem mandados da opera\u00e7\u00e3o 404, contra pirataria, em Curitiba \u2014 Foto: Minist\u00e9rio da Justi\u00e7a\/Divulga\u00e7\u00e3o<\/figcaption><\/figure>\n<\/div>\n\n\n<h2 class=\"wp-block-heading\">Preju\u00edzo \u00e0 economia e \u00e0 ind\u00fastria criativa<\/h2>\n\n\n\n<p>Ainda segundo o governo, os investigados s\u00e3o &#8220;suspeitos de distribuir conte\u00fado pirata em sites e plataformas digitais, pr\u00e1tica que causa preju\u00edzos significativos \u00e0 economia e \u00e0 ind\u00fastria criativa, al\u00e9m de ferir os direitos de autores e artistas&#8221;.<\/p>\n\n\n\n<p>&#8220;As perdas para o setor cultural e criativo s\u00e3o significativas, mas os danos v\u00e3o al\u00e9m do impacto econ\u00f4mico&#8221;, diz o Minist\u00e9rio da Justi\u00e7a.<\/p>\n\n\n\n<p>Em opera\u00e7\u00e3o recente, tamb\u00e9m sobre pirataria, policiais identificaram que os mesmos sites que distribu\u00edam conte\u00fado sem autoriza\u00e7\u00e3o tamb\u00e9m espalhavam v\u00edrus e malwares \u2013 deixando os computadores dos usu\u00e1rios vulner\u00e1veis a roubo de dados e outros tipos de ataque.<\/p>\n\n\n\n<p>Policiais prendem, em Buenos Aires, suspeito de integrar esquema de pirataria<\/p>\n\n\n\n<h2 class=\"wp-block-heading\">Coopera\u00e7\u00e3o internacional<\/h2>\n\n\n\n<p>Segundo o governo, a a\u00e7\u00e3o foi coordenada pelo Laborat\u00f3rio de Opera\u00e7\u00f5es Cibern\u00e9ticas da Secretaria Nacional de Seguran\u00e7a P\u00fablica, vinculada ao minist\u00e9rio.<\/p>\n\n\n\n<p>Cumpriram os mandados as <strong>pol\u00edcias civis de nove estados<\/strong>: Esp\u00edrito Santo, Mato Grosso, Mato Grosso do Sul, Minas Gerais, Paran\u00e1, Pernambuco, Rio de Janeiro, Rio Grande do Sul e S\u00e3o Paulo.<\/p>\n\n\n\n<p>Os minist\u00e9rios p\u00fablicos de S\u00e3o Paulo e de Santa Catarina tamb\u00e9m participaram da a\u00e7\u00e3o.<\/p>\n\n\n\n<p>Houve, ainda, o envolvimento de \u00f3rg\u00e3os de cinco pa\u00edses (Argentina, Reino Unido, Estados Unidos, Peru e Paraguai); dois continentes (Am\u00e9rica Latina e Uni\u00e3o Europeia); e de entidades de defesa dos direitos art\u00edsticos e autorais nacionais e internacionais.<\/p>\n\n\n\n<p><strong>Veja abaixo a lista de associa\u00e7\u00f5es, entidades e \u00f3rg\u00e3os de investiga\u00e7\u00e3o:<\/strong><\/p>\n\n\n\n<ul class=\"wp-block-list\">\n<li>Unidad Fiscal Especializada en Investigaci\u00f3n de Ciberdelitos (UFEIC), da Argentina;<\/li>\n\n\n\n<li>City of London Police \u2013 Police Intellectual Property Crime Unit e Intellectual Porperty Office (\u2060IPO), do Reino Unido;<\/li>\n\n\n\n<li>\u2060Departamento de Justi\u00e7a e \u2060Departamento de Com\u00e9rcio, dos EUA;<\/li>\n\n\n\n<li>\u2060Instituto Nacional de Defensa de la Competencia y de la Protecci\u00f3n de la Propiedad Intelectual (INDECOPI), do Peru;<\/li>\n\n\n\n<li>Unidad Especializada en Hechos Punibles Contra la Propiedad Intelectual do Paraguai;<\/li>\n\n\n\n<li>Premier League (organizadora do campeonato de futebol ingl\u00eas);<\/li>\n\n\n\n<li>Alliance for Creativity and Entertainment (ACE);<\/li>\n\n\n\n<li>Associa\u00e7\u00e3o Brasileira de Televis\u00e3o por Assinatura (ABTA); \u2060<\/li>\n\n\n\n<li>Alian\u00e7a Contra a Pirataria de Televis\u00e3o Paga (ALIANZA) \u2013 Am\u00e9rica Latina;<\/li>\n\n\n\n<li>Conselho Nacional de Combate \u00e0 Pirataria (CNCP);<\/li>\n\n\n\n<li>\u2060Associa\u00e7\u00e3o Protetora dos Direitos Intelectuais e Fonogr\u00e1ficos (APDIF);<\/li>\n\n\n\n<li>Motion Picture Association (\u2060MPA) &#8211; Am\u00e9rica Latina;<\/li>\n\n\n\n<li>Representing the Recording Industry Worldwide (IFPI);<\/li>\n\n\n\n<li>\u2060Entertainment Software Association (ESA);<\/li>\n\n\n\n<li>Instituto de Propriedade Intelectual da Uni\u00e3o Europeia (EUIPO); e<\/li>\n\n\n\n<li>Direcci\u00f3n Nacional de Propiedad Intelectual (DINAPI), do Paraguai.<\/li>\n<\/ul>\n\n\n\n<p><strong><em>Fonte: G1<\/em><\/strong><\/p>\n","protected":false},"excerpt":{"rendered":"<p>A a\u00e7\u00e3o \u00e9 a s\u00e9tima fase da &#8220;Opera\u00e7\u00e3o 404&#8221; \u2013 o nome faz refer\u00eancia ao &#8220;erro 404&#8221; que, no protocolo<\/p>\n","protected":false},"author":1,"featured_media":7459,"comment_status":"open","ping_status":"open","sticky":false,"template":"","format":"standard","meta":{"footnotes":""},"categories":[2],"tags":[],"class_list":["post-7458","post","type-post","status-publish","format-standard","has-post-thumbnail","hentry","category-noticias"],"_links":{"self":[{"href":"https:\/\/jornaloalvorada.com.br\/site\/wp-json\/wp\/v2\/posts\/7458","targetHints":{"allow":["GET"]}}],"collection":[{"href":"https:\/\/jornaloalvorada.com.br\/site\/wp-json\/wp\/v2\/posts"}],"about":[{"href":"https:\/\/jornaloalvorada.com.br\/site\/wp-json\/wp\/v2\/types\/post"}],"author":[{"embeddable":true,"href":"https:\/\/jornaloalvorada.com.br\/site\/wp-json\/wp\/v2\/users\/1"}],"replies":[{"embeddable":true,"href":"https:\/\/jornaloalvorada.com.br\/site\/wp-json\/wp\/v2\/comments?post=7458"}],"version-history":[{"count":1,"href":"https:\/\/jornaloalvorada.com.br\/site\/wp-json\/wp\/v2\/posts\/7458\/revisions"}],"predecessor-version":[{"id":7460,"href":"https:\/\/jornaloalvorada.com.br\/site\/wp-json\/wp\/v2\/posts\/7458\/revisions\/7460"}],"wp:featuredmedia":[{"embeddable":true,"href":"https:\/\/jornaloalvorada.com.br\/site\/wp-json\/wp\/v2\/media\/7459"}],"wp:attachment":[{"href":"https:\/\/jornaloalvorada.com.br\/site\/wp-json\/wp\/v2\/media?parent=7458"}],"wp:term":[{"taxonomy":"category","embeddable":true,"href":"https:\/\/jornaloalvorada.com.br\/site\/wp-json\/wp\/v2\/categories?post=7458"},{"taxonomy":"post_tag","embeddable":true,"href":"https:\/\/jornaloalvorada.com.br\/site\/wp-json\/wp\/v2\/tags?post=7458"}],"curies":[{"name":"wp","href":"https:\/\/api.w.org\/{rel}","templated":true}]}}