{"id":7455,"date":"2024-09-19T13:53:39","date_gmt":"2024-09-19T17:53:39","guid":{"rendered":"https:\/\/jornaloalvorada.com.br\/site\/?p=7455"},"modified":"2024-09-19T13:53:45","modified_gmt":"2024-09-19T17:53:45","slug":"cientistas-revelam-que-a-terra-tera-uma-segunda-lua-em-breve-entenda","status":"publish","type":"post","link":"https:\/\/jornaloalvorada.com.br\/site\/2024\/09\/19\/cientistas-revelam-que-a-terra-tera-uma-segunda-lua-em-breve-entenda\/","title":{"rendered":"Cientistas revelam que a Terra ter\u00e1 uma segunda \u2018Lua\u2019 em breve; entenda"},"content":{"rendered":"\n<p>Recentemente, <a href=\"https:\/\/terrabrasilnoticias.com\/2024\/01\/astronomos-revelam-a-origem-de-sinal-misterioso-de-radio-veja\/\" target=\"_blank\" rel=\"noreferrer noopener\">astr\u00f4nomos <\/a>descobriram um pequeno asteroide com apenas 10 metros de di\u00e2metro na \u00f3rbita da Terra. Esse corpo celeste foi nomeado de \u201cminilua\u201d, pois se acredita que seja um fragmento da Lua original. Intitulado de 2024 PT5, o asteroide oferece uma vis\u00e3o fascinante e intrigante sobre os pequenos corpos que habitam nosso sistema solar.<\/p>\n\n\n\n<p>Este min\u00fasculo asteroide entrar\u00e1 na \u00f3rbita da Terra em 29 de setembro e permanecer\u00e1 at\u00e9 25 de novembro. Sua presen\u00e7a, mesmo que tempor\u00e1ria, levanta quest\u00f5es e empolga tanto cientistas quanto entusiastas da astronomia.<\/p>\n\n\n\n<h2 class=\"wp-block-heading\">O que \u00e9 a Minilua?<\/h2>\n\n\n\n<p>A \u201cminilua\u201d \u00e9 um pequeno asteroide que, de acordo com os especialistas da Universidad Complutense de Madrid, na Espanha, est\u00e1 atualmente em uma \u00f3rbita tempor\u00e1ria ao redor da Terra. Essa detec\u00e7\u00e3o \u00e9 particularmente desafiadora devido ao tamanho reduzido desses objetos e \u00e0 maneira como eles aparecem esporadicamente na nossa \u00f3rbita.<\/p>\n\n\n\n<p>Segundo Ra\u00fal de la Fuente Marcos, respons\u00e1vel pela descoberta, o asteroide \u00e9 um objeto natural que provavelmente se formou no cintur\u00e3o de asteroides de Arjuna. A forma\u00e7\u00e3o e a trajet\u00f3ria desses asteroides menores s\u00e3o t\u00f3picos de grande interesse na comunidade astron\u00f4mica.<\/p>\n\n\n\n<h2 class=\"wp-block-heading\">Como os Cientistas Identificaram a Minilua?<\/h2>\n\n\n\n<p>Identificar asteroides como a minilua n\u00e3o \u00e9 uma tarefa simples. Devido \u00e0 forma como aparecem na \u00f3rbita da Terra, eles s\u00e3o dif\u00edceis de observar e categorizar oficialmente. Em 2015, por exemplo, observadores confundiram a nave Gaia, da Ag\u00eancia Espacial Europeia (ESA), com uma nova lua da Terra.<\/p>\n\n\n\n<p>A equipe de cientistas usou avan\u00e7ados telesc\u00f3pios e t\u00e9cnicas de observa\u00e7\u00e3o para detectar este pequeno asteroide, confirmando que ele \u00e9 um objeto natural e que n\u00e3o representa um risco de impacto para o nosso planeta.<\/p>\n\n\n\n<p>A presen\u00e7a de miniluas traz valiosos dados para a ci\u00eancia astron\u00f4mica. Estudar esses corpos celestes nos ajuda a entender melhor a forma\u00e7\u00e3o e a din\u00e2mica do nosso sistema solar. Tamb\u00e9m abre portas para futuras miss\u00f5es espaciais que possam explorar esses objetos pr\u00f3ximos \u00e0 Terra.<\/p>\n\n\n\n<p>Al\u00e9m dos benef\u00edcios cient\u00edficos, a descoberta de miniluas tem um fasc\u00ednio natural que cativa tanto acad\u00eamicos quanto o p\u00fablico em geral. A ideia de uma nova lua, mesmo que tempor\u00e1ria, ao redor do nosso planeta \u00e9 algo que desperta imagina\u00e7\u00e3o e curiosidade.<\/p>\n\n\n\n<h2 class=\"wp-block-heading\">Quando a Minilua Retornar\u00e1?<\/h2>\n\n\n\n<p>Ap\u00f3s permanecer na \u00f3rbita da Terra por quase dois meses, a minilua seguir\u00e1 sua jornada pelo sistema solar. Os cientistas preveem que este pequeno asteroide retornar\u00e1 \u00e0 nossa \u00f3rbita em 2025, uma oportunidade para novas observa\u00e7\u00f5es e estudos.<\/p>\n\n\n\n<p>Essas detec\u00e7\u00f5es ressaltam a import\u00e2ncia da vigil\u00e2ncia cont\u00ednua e da pesquisa astron\u00f4mica. Descobertas como a da minilua n\u00e3o s\u00f3 ampliam nosso conhecimento sobre os corpos celestes, mas tamb\u00e9m servem como lembrete de qu\u00e3o din\u00e2mico e explorativo \u00e9 o universo ao nosso redor.<\/p>\n\n\n\n<p><strong><em>Fonte: Terra Brasil Not\u00edcias<\/em><\/strong><\/p>\n","protected":false},"excerpt":{"rendered":"<p>Recentemente, astr\u00f4nomos descobriram um pequeno asteroide com apenas 10 metros de di\u00e2metro na \u00f3rbita da Terra. Esse corpo celeste foi<\/p>\n","protected":false},"author":1,"featured_media":7456,"comment_status":"open","ping_status":"open","sticky":false,"template":"","format":"standard","meta":{"footnotes":""},"categories":[2],"tags":[],"class_list":["post-7455","post","type-post","status-publish","format-standard","has-post-thumbnail","hentry","category-noticias"],"_links":{"self":[{"href":"https:\/\/jornaloalvorada.com.br\/site\/wp-json\/wp\/v2\/posts\/7455","targetHints":{"allow":["GET"]}}],"collection":[{"href":"https:\/\/jornaloalvorada.com.br\/site\/wp-json\/wp\/v2\/posts"}],"about":[{"href":"https:\/\/jornaloalvorada.com.br\/site\/wp-json\/wp\/v2\/types\/post"}],"author":[{"embeddable":true,"href":"https:\/\/jornaloalvorada.com.br\/site\/wp-json\/wp\/v2\/users\/1"}],"replies":[{"embeddable":true,"href":"https:\/\/jornaloalvorada.com.br\/site\/wp-json\/wp\/v2\/comments?post=7455"}],"version-history":[{"count":1,"href":"https:\/\/jornaloalvorada.com.br\/site\/wp-json\/wp\/v2\/posts\/7455\/revisions"}],"predecessor-version":[{"id":7457,"href":"https:\/\/jornaloalvorada.com.br\/site\/wp-json\/wp\/v2\/posts\/7455\/revisions\/7457"}],"wp:featuredmedia":[{"embeddable":true,"href":"https:\/\/jornaloalvorada.com.br\/site\/wp-json\/wp\/v2\/media\/7456"}],"wp:attachment":[{"href":"https:\/\/jornaloalvorada.com.br\/site\/wp-json\/wp\/v2\/media?parent=7455"}],"wp:term":[{"taxonomy":"category","embeddable":true,"href":"https:\/\/jornaloalvorada.com.br\/site\/wp-json\/wp\/v2\/categories?post=7455"},{"taxonomy":"post_tag","embeddable":true,"href":"https:\/\/jornaloalvorada.com.br\/site\/wp-json\/wp\/v2\/tags?post=7455"}],"curies":[{"name":"wp","href":"https:\/\/api.w.org\/{rel}","templated":true}]}}