{"id":7449,"date":"2024-09-19T13:49:08","date_gmt":"2024-09-19T17:49:08","guid":{"rendered":"https:\/\/jornaloalvorada.com.br\/site\/?p=7449"},"modified":"2024-09-19T13:49:12","modified_gmt":"2024-09-19T17:49:12","slug":"terceira-etapa-festival-de-praia-acontece-em-bonito-neste-fim-de-semana","status":"publish","type":"post","link":"https:\/\/jornaloalvorada.com.br\/site\/2024\/09\/19\/terceira-etapa-festival-de-praia-acontece-em-bonito-neste-fim-de-semana\/","title":{"rendered":"Terceira etapa: Festival de Praia acontece em Bonito neste fim de semana"},"content":{"rendered":"\n<p>A terceira etapa do Festival de Praia ocorrer\u00e1 em Bonito no fim de semana, nos dias 21 e 22 de setembro, no Balne\u00e1rio Municipal. O evento contar\u00e1 com oficinas de beach tennis, futev\u00f4lei, v\u00f4lei de praia e diversas atividades de lazer. A organiza\u00e7\u00e3o \u00e9 do Governo de Mato Grosso do Sul, por interm\u00e9dio da Fundesporte (Funda\u00e7\u00e3o de Desporto e Lazer) e Setesc (Secretaria de Estado de Turismo, Esporte e Cultura).<\/p>\n\n\n\n<p>Al\u00e9m das oficinas de esportes de areia, o festival oferecer\u00e1 uma \u00e1rea de lazer com atividades como pintura facial, brinquedos infl\u00e1veis e brinquedoteca. Durante o evento, a Fundesporte tamb\u00e9m lan\u00e7ar\u00e1 o projeto de lazer &#8220;Intergeracionalidade&#8221;, que tem como objetivo proporcionar atividades para pessoas idosas, como jogos de mesa, malha e bocha, incentivando a participa\u00e7\u00e3o conjunta de idosos e suas fam\u00edlias.<\/p>\n\n\n\n<p>O secret\u00e1rio de Estado de Turismo, Esporte e Cultura, Marcelo Miranda, destaca o impacto positivo do festival para a comunidade local. &#8220;O Festival de Praia em Bonito vem com a proposta de promover o turismo e fortalecer a economia local. Al\u00e9m de proporcionar entretenimento e atividades esportivas, o festival contribui para divulgar as belezas naturais da nossa regi\u00e3o e atrair visitantes de outras partes do pa\u00eds&#8221;.<\/p>\n\n\n\n<p>Para o diretor-presidente da Fundesporte, Paulo Ricardo Nu\u00f1ez, \u00e9 uma oportunidade de elevar o esporte de areia em Mato Grosso do Sul. \u201cOs esportes de areia t\u00eam crescido e ganhado cada vez mais notoriedade, e \u00e9 por isso que a Fundesporte busca promover eventos como estes, para que esses esportes sejam cada vez mais acess\u00edveis a todos\u201d.<\/p>\n\n\n\n<p>A pr\u00f3xima etapa do Festival de Praia acontecer\u00e1 em Coxim, nos dias 12 e 13 de outubro.<\/p>\n\n\n\n<p><em>Bel Manvailer, Comunica\u00e7\u00e3o Setesc<\/em><br><em>Foto: arquivo\/Fundesporte<\/em><\/p>\n","protected":false},"excerpt":{"rendered":"<p>A terceira etapa do Festival de Praia ocorrer\u00e1 em Bonito no fim de semana, nos dias 21 e 22 de<\/p>\n","protected":false},"author":1,"featured_media":7450,"comment_status":"open","ping_status":"open","sticky":false,"template":"","format":"standard","meta":{"footnotes":""},"categories":[2],"tags":[],"class_list":["post-7449","post","type-post","status-publish","format-standard","has-post-thumbnail","hentry","category-noticias"],"_links":{"self":[{"href":"https:\/\/jornaloalvorada.com.br\/site\/wp-json\/wp\/v2\/posts\/7449","targetHints":{"allow":["GET"]}}],"collection":[{"href":"https:\/\/jornaloalvorada.com.br\/site\/wp-json\/wp\/v2\/posts"}],"about":[{"href":"https:\/\/jornaloalvorada.com.br\/site\/wp-json\/wp\/v2\/types\/post"}],"author":[{"embeddable":true,"href":"https:\/\/jornaloalvorada.com.br\/site\/wp-json\/wp\/v2\/users\/1"}],"replies":[{"embeddable":true,"href":"https:\/\/jornaloalvorada.com.br\/site\/wp-json\/wp\/v2\/comments?post=7449"}],"version-history":[{"count":1,"href":"https:\/\/jornaloalvorada.com.br\/site\/wp-json\/wp\/v2\/posts\/7449\/revisions"}],"predecessor-version":[{"id":7451,"href":"https:\/\/jornaloalvorada.com.br\/site\/wp-json\/wp\/v2\/posts\/7449\/revisions\/7451"}],"wp:featuredmedia":[{"embeddable":true,"href":"https:\/\/jornaloalvorada.com.br\/site\/wp-json\/wp\/v2\/media\/7450"}],"wp:attachment":[{"href":"https:\/\/jornaloalvorada.com.br\/site\/wp-json\/wp\/v2\/media?parent=7449"}],"wp:term":[{"taxonomy":"category","embeddable":true,"href":"https:\/\/jornaloalvorada.com.br\/site\/wp-json\/wp\/v2\/categories?post=7449"},{"taxonomy":"post_tag","embeddable":true,"href":"https:\/\/jornaloalvorada.com.br\/site\/wp-json\/wp\/v2\/tags?post=7449"}],"curies":[{"name":"wp","href":"https:\/\/api.w.org\/{rel}","templated":true}]}}