{"id":7444,"date":"2024-09-18T08:52:04","date_gmt":"2024-09-18T12:52:04","guid":{"rendered":"https:\/\/jornaloalvorada.com.br\/site\/?p=7444"},"modified":"2024-09-18T08:52:06","modified_gmt":"2024-09-18T12:52:06","slug":"horario-de-verao-tem-apoio-de-549-da-populacao-diz-estudo","status":"publish","type":"post","link":"https:\/\/jornaloalvorada.com.br\/site\/2024\/09\/18\/horario-de-verao-tem-apoio-de-549-da-populacao-diz-estudo\/","title":{"rendered":"Hor\u00e1rio de ver\u00e3o tem apoio de 54,9% da popula\u00e7\u00e3o, diz estudo"},"content":{"rendered":"\n<p>Levantamento feito pelo portal Reclame Aqui e pela Associa\u00e7\u00e3o Brasileira de Bares e Restaurantes (Abrasel) mostra que o <a href=\"https:\/\/agenciabrasil.ebc.com.br\/economia\/noticia\/2024-09\/volta-de-horario-de-verao-e-possibilidade-real-diz-ministro\" target=\"_blank\" rel=\"noreferrer noopener\">hor\u00e1rio de ver\u00e3o<\/a> \u00e9 bem-visto pela maioria das pessoas. De acordo com a pesquisa, feita com tr\u00eas mil pessoas, 54,9% dos entrevistados s\u00e3o favor\u00e1veis \u00e0 mudan\u00e7a nos rel\u00f3gios ainda este ano.<img decoding=\"async\" src=\"https:\/\/agenciabrasil.ebc.com.br\/ebc.png?id=1612566&amp;o=node\"><img decoding=\"async\" src=\"https:\/\/agenciabrasil.ebc.com.br\/ebc.gif?id=1612566&amp;o=node\"><\/p>\n\n\n\n<p>Deste total, 41,8% dizem ser totalmente favor\u00e1veis ao retorno do hor\u00e1rio de ver\u00e3o, e 13,1% se revelam parcialmente favor\u00e1veis. Ainda segundo o estudo, 25,8% se mostraram totalmente contr\u00e1rios \u00e0 implementa\u00e7\u00e3o; 17% veem com indiferen\u00e7a a mudan\u00e7a; e 2,2% s\u00e3o parcialmente contr\u00e1rios.<\/p>\n\n\n\n<p>Os maiores \u00edndices de apoio foram observados nas regi\u00f5es onde o hor\u00e1rio era adotado: Sul, Sudeste e Centro-Oeste. No Sudeste, 56,1% s\u00e3o a favor da mudan\u00e7a, sendo 43,1% favor\u00e1veis e 13% parcialmente favor\u00e1veis.<\/p>\n\n\n\n<p>No Sul, 60,6% s\u00e3o favor\u00e1veis, 52,3% totalmente favor\u00e1veis e 8,3% parcialmente favor\u00e1veis; e, no Centro-Oeste, 40,9% aprovariam a mudan\u00e7a \u2013 com 29,1% se dizendo totalmente favor\u00e1veis e 11,8% parcialmente a favor. Nas tr\u00eas regi\u00f5es somadas, 55,74% s\u00e3o favor\u00e1veis ao adiantamento dos rel\u00f3gios em uma hora.<\/p>\n\n\n\n<p>Para 43,6% dos entrevistados, a mudan\u00e7a no hor\u00e1rio ajuda a economizar energia el\u00e9trica e outros recursos. Para 39,9%, a medida n\u00e3o traz economia e 16,4% disseram que n\u00e3o sabem ou n\u00e3o t\u00eam certeza.<\/p>\n\n\n\n<h2 class=\"wp-block-heading\">Por regi\u00f5es<\/h2>\n\n\n\n<p>Segundo a pesquisa da Abrasel, a Regi\u00e3o Sul \u00e9 a que apresenta maior parcela da popula\u00e7\u00e3o (47,7%) que acredita que o adiantamento do rel\u00f3gio resulta em economia de recursos. Para 51,8%, a mudan\u00e7a do hor\u00e1rio \u00e9 ben\u00e9fica para o com\u00e9rcio e servi\u00e7os, como lojas, bares e restaurantes. J\u00e1 32,7% dizem n\u00e3o ver vantagem; e 15,5% afirmam n\u00e3o ter opini\u00e3o formada.<\/p>\n\n\n\n<p>A pesquisa revela, ainda, que, para 41,7%, a cidade onde moram fica mais atrativa para o turismo quando o hor\u00e1rio de ver\u00e3o est\u00e1 vigorando. \u201cApenas 9,4% disseram que fica [a cidade] menos atrativa, enquanto 43,6% n\u00e3o sentem diferen\u00e7a\u201d, diz o levantamento.<\/p>\n\n\n\n<p>O estudo mostra tamb\u00e9m que as pessoas se sentem mais seguras durante os per\u00edodos em que o hor\u00e1rio de ver\u00e3o \u00e9 adotado, em especial com rela\u00e7\u00e3o ao hor\u00e1rio de sa\u00edda para o trabalho. Segundo a pesquisa, 35,2% se sentem mais seguros com a mudan\u00e7a, enquanto 19,5% se dizem menos seguros. Para 41,9% a mudan\u00e7a n\u00e3o traz influ\u00eancia.<\/p>\n\n\n\n<p>A margem de erro da pesquisa \u00e9 de dois pontos percentuais para mais ou menos, considerando um n\u00edvel de confian\u00e7a de 95%.<\/p>\n\n\n\n<h2 class=\"wp-block-heading\">Governo<\/h2>\n\n\n\n<p>Na \u00faltima semana, o&nbsp;ministro de Minas e Energia (MME), Alexandre Silveira, afirmou&nbsp;que a volta do hor\u00e1rio brasileiro de ver\u00e3o \u00e9 uma <a href=\"https:\/\/agenciabrasil.ebc.com.br\/economia\/noticia\/2024-09\/volta-de-horario-de-verao-e-possibilidade-real-diz-ministro\" target=\"_blank\" rel=\"noreferrer noopener\">possibilidade real<\/a> para melhor aproveitamento da luz natural em rela\u00e7\u00e3o \u00e0 artificial e a consequente redu\u00e7\u00e3o de consumo de energia el\u00e9trica no pa\u00eds.<\/p>\n\n\n\n<p>\u201cO hor\u00e1rio de ver\u00e3o \u00e9 uma possibilidade real, mas n\u00e3o \u00e9 um fato porque tem implica\u00e7\u00f5es, n\u00e3o s\u00f3 energ\u00e9tica, tem implica\u00e7\u00f5es econ\u00f4micas. \u00c9 importante para diminuir o despacho de t\u00e9rmicas nos hor\u00e1rios de ponta, mas \u00e9 uma das medidas, porque ela impacta muito a vida das pessoas\u201d,&nbsp;reconheceu o ministro.<\/p>\n\n\n\n<p><strong><em>Fonte: Ag\u00eancia Brasil<\/em><\/strong><\/p>\n","protected":false},"excerpt":{"rendered":"<p>Levantamento feito pelo portal Reclame Aqui e pela Associa\u00e7\u00e3o Brasileira de Bares e Restaurantes (Abrasel) mostra que o hor\u00e1rio de<\/p>\n","protected":false},"author":1,"featured_media":7445,"comment_status":"open","ping_status":"open","sticky":false,"template":"","format":"standard","meta":{"footnotes":""},"categories":[2],"tags":[],"class_list":["post-7444","post","type-post","status-publish","format-standard","has-post-thumbnail","hentry","category-noticias"],"_links":{"self":[{"href":"https:\/\/jornaloalvorada.com.br\/site\/wp-json\/wp\/v2\/posts\/7444","targetHints":{"allow":["GET"]}}],"collection":[{"href":"https:\/\/jornaloalvorada.com.br\/site\/wp-json\/wp\/v2\/posts"}],"about":[{"href":"https:\/\/jornaloalvorada.com.br\/site\/wp-json\/wp\/v2\/types\/post"}],"author":[{"embeddable":true,"href":"https:\/\/jornaloalvorada.com.br\/site\/wp-json\/wp\/v2\/users\/1"}],"replies":[{"embeddable":true,"href":"https:\/\/jornaloalvorada.com.br\/site\/wp-json\/wp\/v2\/comments?post=7444"}],"version-history":[{"count":1,"href":"https:\/\/jornaloalvorada.com.br\/site\/wp-json\/wp\/v2\/posts\/7444\/revisions"}],"predecessor-version":[{"id":7446,"href":"https:\/\/jornaloalvorada.com.br\/site\/wp-json\/wp\/v2\/posts\/7444\/revisions\/7446"}],"wp:featuredmedia":[{"embeddable":true,"href":"https:\/\/jornaloalvorada.com.br\/site\/wp-json\/wp\/v2\/media\/7445"}],"wp:attachment":[{"href":"https:\/\/jornaloalvorada.com.br\/site\/wp-json\/wp\/v2\/media?parent=7444"}],"wp:term":[{"taxonomy":"category","embeddable":true,"href":"https:\/\/jornaloalvorada.com.br\/site\/wp-json\/wp\/v2\/categories?post=7444"},{"taxonomy":"post_tag","embeddable":true,"href":"https:\/\/jornaloalvorada.com.br\/site\/wp-json\/wp\/v2\/tags?post=7444"}],"curies":[{"name":"wp","href":"https:\/\/api.w.org\/{rel}","templated":true}]}}