{"id":7441,"date":"2024-09-18T08:50:20","date_gmt":"2024-09-18T12:50:20","guid":{"rendered":"https:\/\/jornaloalvorada.com.br\/site\/?p=7441"},"modified":"2024-09-18T08:50:22","modified_gmt":"2024-09-18T12:50:22","slug":"ajuda-humanitaria-ribeirinhos-do-alto-e-baixo-pantanal-recebem-missao-com-reforco-no-atendimento-medico","status":"publish","type":"post","link":"https:\/\/jornaloalvorada.com.br\/site\/2024\/09\/18\/ajuda-humanitaria-ribeirinhos-do-alto-e-baixo-pantanal-recebem-missao-com-reforco-no-atendimento-medico\/","title":{"rendered":"Ajuda humanit\u00e1ria: ribeirinhos do Alto e Baixo Pantanal recebem miss\u00e3o com refor\u00e7o no atendimento m\u00e9dico"},"content":{"rendered":"\n<p>Em meio aos inc\u00eandios florestais e estiagem que atingem o Pantanal em Mato Grosso do Sul, a Defesa Civil estadual realiza a segunda etapa da opera\u00e7\u00e3o de assist\u00eancia humanit\u00e1ria, desenvolvida pelo Governo do Estado \u00e0s comunidades ribeirinhas do bioma levando desta vez atendimento m\u00e9dico e psicossocial, al\u00e9m da distribui\u00e7\u00e3o cestas b\u00e1sicas, \u00e1gua pot\u00e1vel e servi\u00e7os veterin\u00e1rios.<\/p>\n\n\n\n<p>A equipe da Defesa Civil \u00e9 composta por profissionais de sa\u00fade que se inscreveram na opera\u00e7\u00e3o de forma volunt\u00e1ria. O coordenador da Opera\u00e7\u00e3o Humanit\u00e1ria e chefe de Departamento de Riscos e Desastres da Defesa Civil, capit\u00e3o Maxwelbe de Moura F\u00e9, afirmou que cerca de 400 fam\u00edlias das regi\u00f5es do Alto e do Baixo Pantanal est\u00e3o sendo recebidos por profissionais de sa\u00fade nesta nova etapa, desde o \u00faltimo domingo (15).<\/p>\n\n\n\n<p>&#8220;Nesta etapa contamos com profissionais experientes neste tipo de a\u00e7\u00e3o e acostumados com o cen\u00e1rio de desastres naturais&#8221;, complementou.<\/p>\n\n\n\n<p>Victor Florenzano \u00e9 psic\u00f3logo cl\u00ednico e social e est\u00e1 na sua primeira miss\u00e3o humanit\u00e1ria no Alto Pantanal. Para ele, o atendimento neste contexto de cat\u00e1strofe clim\u00e1tica tem um vi\u00e9s social.<\/p>\n\n\n\n<p>&#8220;O trabalho na Psicologia visa promover integralmente a sa\u00fade, o acolhimento psicossocial e de escuta qualificada para agir com a\u00e7\u00f5es mais efetivas, partindo do princ\u00edpio de ouvir as necessidades de quem vivencia o cen\u00e1rio de cat\u00e1strofe e aplicar pr\u00e1ticas que podem se tornar pol\u00edticas p\u00fablicas&#8221;, ressaltou.<\/p>\n\n\n\n<figure class=\"wp-block-image\"><a href=\"https:\/\/agenciadenoticias.ms.gov.br\/wp-content\/uploads\/2024\/09\/2a-Ajuda-Humanitaria-Baixo-e-Alto-Pantanal-Foto-Ewerton-Pereira-17-scaled.jpg\"><img decoding=\"async\" src=\"https:\/\/agenciadenoticias.ms.gov.br\/wp-content\/uploads\/2024\/09\/2a-Ajuda-Humanitaria-Baixo-e-Alto-Pantanal-Foto-Ewerton-Pereira-17-1024x683.jpg\" alt=\"\"\/><\/a><\/figure>\n\n\n\n<figure class=\"wp-block-image\"><a href=\"https:\/\/agenciadenoticias.ms.gov.br\/wp-content\/uploads\/2024\/09\/2a-Ajuda-Humanitaria-Baixo-e-Alto-Pantanal-Foto-Ewerton-Pereira-15-scaled.jpg\"><img decoding=\"async\" src=\"https:\/\/agenciadenoticias.ms.gov.br\/wp-content\/uploads\/2024\/09\/2a-Ajuda-Humanitaria-Baixo-e-Alto-Pantanal-Foto-Ewerton-Pereira-15-1024x683.jpg\" alt=\"\"\/><\/a><\/figure>\n\n\n\n<figure class=\"wp-block-image\"><a href=\"https:\/\/agenciadenoticias.ms.gov.br\/wp-content\/uploads\/2024\/09\/2a-Ajuda-Humanitaria-Baixo-e-Alto-Pantanal-Foto-Ewerton-Pereira-8-scaled.jpg\"><img decoding=\"async\" src=\"https:\/\/agenciadenoticias.ms.gov.br\/wp-content\/uploads\/2024\/09\/2a-Ajuda-Humanitaria-Baixo-e-Alto-Pantanal-Foto-Ewerton-Pereira-8-1024x683.jpg\" alt=\"\"\/><\/a><\/figure>\n\n\n\n<figure class=\"wp-block-image\"><a href=\"https:\/\/agenciadenoticias.ms.gov.br\/wp-content\/uploads\/2024\/09\/2a-Ajuda-Humanitaria-Baixo-e-Alto-Pantanal-Foto-Ewerton-Pereira-20-scaled.jpg\"><img decoding=\"async\" src=\"https:\/\/agenciadenoticias.ms.gov.br\/wp-content\/uploads\/2024\/09\/2a-Ajuda-Humanitaria-Baixo-e-Alto-Pantanal-Foto-Ewerton-Pereira-20-1024x683.jpg\" alt=\"\"\/><\/a><\/figure>\n\n\n\n<p>A artes\u00e3 Clarice Assun\u00e7\u00e3o, da Comunidade Domingos Ramos, destacou a import\u00e2ncia da atividade. &#8220;A gente n\u00e3o tem condi\u00e7\u00f5es de descer at\u00e9 a cidade, levar as crian\u00e7as no m\u00e9dico, e a vinda deles facilita muito&#8221;, assegurou a ribeirinha.<\/p>\n\n\n\n<p>Para a geriatra Monica Carvalho, o trabalho \u00e9 uma forma de fortalecer a popula\u00e7\u00e3o pantaneira e refor\u00e7ar a cultura destas comunidades, suas origens e seu modo de vida. &#8220;Assim podemos contribuir para que a popula\u00e7\u00e3o permane\u00e7a nesses locais e a sa\u00fade \u00e9 um fator importante para essas pessoas se fixem na sua regi\u00e3o&#8221;, afirmou.<\/p>\n\n\n\n<p>O neurocirurgi\u00e3o Clemar Correa da Silva tem muitos anos de experi\u00eancia em busca, salvamento e resgate no atendimento pr\u00e9-hospitalar. &#8220;Estamos ouvindo a popula\u00e7\u00e3o. \u00c9 a primeira vez que piso no Pantanal, vamos atender pessoas que est\u00e3o precisando de m\u00e9dicos e vamos aplicar uma resolutividade parcial neste primeiro momento, mas que n\u00e3o deixa de ser importante&#8221;, acrescentou.<\/p>\n\n\n\n<p>Nem os animais dom\u00e9sticos foram esquecidos. A veterin\u00e1ria Yandara Schettert participa pela segunda vez e pode constatar que os animais est\u00e3o em boas condi\u00e7\u00f5es de sa\u00fade. &#8220;Est\u00e3o sendo bem tratados e alimentados, sem nenhum tipo de parasita. Tamb\u00e9m estamos analisando alguns par\u00e2metros da \u00e1gua ofertada aos animais e pessoas, e seguindo com orienta\u00e7\u00f5es&#8221;, descreveu.<\/p>\n\n\n\n<figure class=\"wp-block-image\"><a href=\"https:\/\/agenciadenoticias.ms.gov.br\/wp-content\/uploads\/2024\/09\/2a-Ajuda-Humanitaria-Baixo-e-Alto-Pantanal-Foto-Ewerton-Pereira-2-scaled.jpg\"><img decoding=\"async\" src=\"https:\/\/agenciadenoticias.ms.gov.br\/wp-content\/uploads\/2024\/09\/2a-Ajuda-Humanitaria-Baixo-e-Alto-Pantanal-Foto-Ewerton-Pereira-2-1024x683.jpg\" alt=\"\"\/><\/a><\/figure>\n\n\n\n<figure class=\"wp-block-image\"><a href=\"https:\/\/agenciadenoticias.ms.gov.br\/wp-content\/uploads\/2024\/09\/2a-Ajuda-Humanitaria-Baixo-e-Alto-Pantanal-Foto-Ewerton-Pereira-18-scaled.jpg\"><img decoding=\"async\" src=\"https:\/\/agenciadenoticias.ms.gov.br\/wp-content\/uploads\/2024\/09\/2a-Ajuda-Humanitaria-Baixo-e-Alto-Pantanal-Foto-Ewerton-Pereira-18-1024x683.jpg\" alt=\"\"\/><\/a><\/figure>\n\n\n\n<figure class=\"wp-block-image\"><a href=\"https:\/\/agenciadenoticias.ms.gov.br\/wp-content\/uploads\/2024\/09\/2a-Ajuda-Humanitaria-Baixo-e-Alto-Pantanal-Foto-Ewerton-Pereira-6-scaled.jpg\"><img decoding=\"async\" src=\"https:\/\/agenciadenoticias.ms.gov.br\/wp-content\/uploads\/2024\/09\/2a-Ajuda-Humanitaria-Baixo-e-Alto-Pantanal-Foto-Ewerton-Pereira-6-1024x683.jpg\" alt=\"\"\/><\/a><\/figure>\n\n\n\n<figure class=\"wp-block-image\"><a href=\"https:\/\/agenciadenoticias.ms.gov.br\/wp-content\/uploads\/2024\/09\/2a-Ajuda-Humanitaria-Baixo-e-Alto-Pantanal-Foto-Ewerton-Pereira-14-scaled.jpg\"><img decoding=\"async\" src=\"https:\/\/agenciadenoticias.ms.gov.br\/wp-content\/uploads\/2024\/09\/2a-Ajuda-Humanitaria-Baixo-e-Alto-Pantanal-Foto-Ewerton-Pereira-14-1024x683.jpg\" alt=\"\"\/><\/a><\/figure>\n\n\n\n<p>A primeira miss\u00e3o, ocorrida em agosto, atendeu 230 fam\u00edlias da regi\u00e3o do Taquari. As opera\u00e7\u00f5es em apoio \u00e0 popula\u00e7\u00e3o ribeirinha no Pantanal acontecem at\u00e9 o final deste m\u00eas com o compromisso de garantir o bem-estar dessas comunidades e apoiar as equipes que atuam diretamente no combate aos inc\u00eandios no Pantanal.<\/p>\n\n\n\n<p><strong><em>Alexandre Gonzaga, Comunica\u00e7\u00e3o do Governo de MS<\/em><br><em>Fotos: Ewerton Pereira<\/em><\/strong><\/p>\n","protected":false},"excerpt":{"rendered":"<p>Em meio aos inc\u00eandios florestais e estiagem que atingem o Pantanal em Mato Grosso do Sul, a Defesa Civil estadual<\/p>\n","protected":false},"author":1,"featured_media":7442,"comment_status":"open","ping_status":"open","sticky":false,"template":"","format":"standard","meta":{"footnotes":""},"categories":[2],"tags":[],"class_list":["post-7441","post","type-post","status-publish","format-standard","has-post-thumbnail","hentry","category-noticias"],"_links":{"self":[{"href":"https:\/\/jornaloalvorada.com.br\/site\/wp-json\/wp\/v2\/posts\/7441","targetHints":{"allow":["GET"]}}],"collection":[{"href":"https:\/\/jornaloalvorada.com.br\/site\/wp-json\/wp\/v2\/posts"}],"about":[{"href":"https:\/\/jornaloalvorada.com.br\/site\/wp-json\/wp\/v2\/types\/post"}],"author":[{"embeddable":true,"href":"https:\/\/jornaloalvorada.com.br\/site\/wp-json\/wp\/v2\/users\/1"}],"replies":[{"embeddable":true,"href":"https:\/\/jornaloalvorada.com.br\/site\/wp-json\/wp\/v2\/comments?post=7441"}],"version-history":[{"count":1,"href":"https:\/\/jornaloalvorada.com.br\/site\/wp-json\/wp\/v2\/posts\/7441\/revisions"}],"predecessor-version":[{"id":7443,"href":"https:\/\/jornaloalvorada.com.br\/site\/wp-json\/wp\/v2\/posts\/7441\/revisions\/7443"}],"wp:featuredmedia":[{"embeddable":true,"href":"https:\/\/jornaloalvorada.com.br\/site\/wp-json\/wp\/v2\/media\/7442"}],"wp:attachment":[{"href":"https:\/\/jornaloalvorada.com.br\/site\/wp-json\/wp\/v2\/media?parent=7441"}],"wp:term":[{"taxonomy":"category","embeddable":true,"href":"https:\/\/jornaloalvorada.com.br\/site\/wp-json\/wp\/v2\/categories?post=7441"},{"taxonomy":"post_tag","embeddable":true,"href":"https:\/\/jornaloalvorada.com.br\/site\/wp-json\/wp\/v2\/tags?post=7441"}],"curies":[{"name":"wp","href":"https:\/\/api.w.org\/{rel}","templated":true}]}}