{"id":7435,"date":"2024-09-18T08:48:06","date_gmt":"2024-09-18T12:48:06","guid":{"rendered":"https:\/\/jornaloalvorada.com.br\/site\/?p=7435"},"modified":"2024-09-18T08:48:08","modified_gmt":"2024-09-18T12:48:08","slug":"de-volta-ao-calorao-quarta-feira-tem-previsao-de-tempo-seco-e-altas-temperaturas-em-ms","status":"publish","type":"post","link":"https:\/\/jornaloalvorada.com.br\/site\/2024\/09\/18\/de-volta-ao-calorao-quarta-feira-tem-previsao-de-tempo-seco-e-altas-temperaturas-em-ms\/","title":{"rendered":"De volta ao calor\u00e3o: quarta-feira tem previs\u00e3o de tempo seco e altas temperaturas em MS"},"content":{"rendered":"\n<p>Para esta quarta-feira (18), a previs\u00e3o do tempo indica tempo firme, com sol e varia\u00e7\u00e3o de nebulosidade. De acordo com o Cemtec (Centro de Monitoramento do Tempo e do Clima), as temperaturas voltam a ficar acima da m\u00e9dia, podendo atingir entre 37\u00b0C e 40\u00b0C, aliado a baixos valores de umidade relativa do ar, entre 10% e 30%.<\/p>\n\n\n\n<p>\u201cEssa situa\u00e7\u00e3o ocorre devido a atua\u00e7\u00e3o de um sistema de alta press\u00e3o atmosf\u00e9rica favorecendo o tempo quente e seco no estado de Mato Grosso do Sul\u201d, explica o \u00f3rg\u00e3o. Dadas as condi\u00e7\u00f5es, as recomenda\u00e7\u00f5es incluem beber bastante l\u00edquido, evitar exposi\u00e7\u00e3o ao sol, umidificar os ambientes e, em nenhuma situa\u00e7\u00e3o, atear fogo.<\/p>\n\n\n\n<p>Em Campo Grande, a m\u00ednima prevista \u00e9 de 20\u00b0C e a m\u00e1xima de 32\u00b0C. Os term\u00f4metros em Dourados marcam 16\u00b0C inicialmente e chegam aos 28\u00b0C ao longo do dia. Na fronteira com o Paraguai, Ponta Por\u00e3 amanhece com 18\u00b0C e atinge 27\u00b0C \u00e0 tarde. Anauril\u00e2ndia, no leste, tem m\u00ednima de 17\u00b0C e m\u00e1xima de 29\u00b0C.<\/p>\n\n\n\n<p>Na regi\u00e3o do Bols\u00e3o, a m\u00ednima em Parana\u00edba \u00e9 de 19\u00b0C e a m\u00e1xima de 37\u00b0C; em Tr\u00eas Lagoas, o dia inicia com 18\u00b0C e apresenta m\u00e1xima de 33\u00b0C. No norte do Estado, os valores em Coxim variam entre 25\u00b0C e 37\u00b0C.<\/p>\n\n\n\n<p>Em Corumb\u00e1, no Pantanal, as temperaturas variam entre 26\u00b0C e 34\u00b0C, j\u00e1 Aquidauana, na mesma regi\u00e3o, tem m\u00ednima de 26\u00b0C e m\u00e1xima de 35\u00b0C. Na regi\u00e3o sudoeste, Porto Murtinho, apresenta a temperatura mais alta do dia, com m\u00ednima de 24\u00b0C e m\u00e1xima de 38\u00b0C.<\/p>\n\n\n\n<figure class=\"wp-block-image\"><a href=\"https:\/\/agenciadenoticias.ms.gov.br\/wp-content\/uploads\/2024\/09\/Mapa-Previsao-18-09-24.jpeg\"><img decoding=\"async\" src=\"https:\/\/agenciadenoticias.ms.gov.br\/wp-content\/uploads\/2024\/09\/Mapa-Previsao-18-09-24-1024x724.jpeg\" alt=\"\"\/><\/a><\/figure>\n\n\n\n<p><em>Heloisa Duim, Programa de Est\u00e1gio Supervisionado<\/em><br><em>Foto: Saul Schramm<\/em><\/p>\n","protected":false},"excerpt":{"rendered":"<p>Para esta quarta-feira (18), a previs\u00e3o do tempo indica tempo firme, com sol e varia\u00e7\u00e3o de nebulosidade. De acordo com<\/p>\n","protected":false},"author":1,"featured_media":7436,"comment_status":"open","ping_status":"open","sticky":false,"template":"","format":"standard","meta":{"footnotes":""},"categories":[2],"tags":[],"class_list":["post-7435","post","type-post","status-publish","format-standard","has-post-thumbnail","hentry","category-noticias"],"_links":{"self":[{"href":"https:\/\/jornaloalvorada.com.br\/site\/wp-json\/wp\/v2\/posts\/7435","targetHints":{"allow":["GET"]}}],"collection":[{"href":"https:\/\/jornaloalvorada.com.br\/site\/wp-json\/wp\/v2\/posts"}],"about":[{"href":"https:\/\/jornaloalvorada.com.br\/site\/wp-json\/wp\/v2\/types\/post"}],"author":[{"embeddable":true,"href":"https:\/\/jornaloalvorada.com.br\/site\/wp-json\/wp\/v2\/users\/1"}],"replies":[{"embeddable":true,"href":"https:\/\/jornaloalvorada.com.br\/site\/wp-json\/wp\/v2\/comments?post=7435"}],"version-history":[{"count":1,"href":"https:\/\/jornaloalvorada.com.br\/site\/wp-json\/wp\/v2\/posts\/7435\/revisions"}],"predecessor-version":[{"id":7437,"href":"https:\/\/jornaloalvorada.com.br\/site\/wp-json\/wp\/v2\/posts\/7435\/revisions\/7437"}],"wp:featuredmedia":[{"embeddable":true,"href":"https:\/\/jornaloalvorada.com.br\/site\/wp-json\/wp\/v2\/media\/7436"}],"wp:attachment":[{"href":"https:\/\/jornaloalvorada.com.br\/site\/wp-json\/wp\/v2\/media?parent=7435"}],"wp:term":[{"taxonomy":"category","embeddable":true,"href":"https:\/\/jornaloalvorada.com.br\/site\/wp-json\/wp\/v2\/categories?post=7435"},{"taxonomy":"post_tag","embeddable":true,"href":"https:\/\/jornaloalvorada.com.br\/site\/wp-json\/wp\/v2\/tags?post=7435"}],"curies":[{"name":"wp","href":"https:\/\/api.w.org\/{rel}","templated":true}]}}