{"id":7429,"date":"2024-09-17T08:08:33","date_gmt":"2024-09-17T12:08:33","guid":{"rendered":"https:\/\/jornaloalvorada.com.br\/site\/?p=7429"},"modified":"2024-09-17T08:08:35","modified_gmt":"2024-09-17T12:08:35","slug":"com-temperaturas-amenas-ao-amanhecer-terca-feira-tem-previsao-de-sol-e-variacao-de-nebulosidade","status":"publish","type":"post","link":"https:\/\/jornaloalvorada.com.br\/site\/2024\/09\/17\/com-temperaturas-amenas-ao-amanhecer-terca-feira-tem-previsao-de-sol-e-variacao-de-nebulosidade\/","title":{"rendered":"Com temperaturas amenas ao amanhecer, ter\u00e7a-feira tem previs\u00e3o de sol e varia\u00e7\u00e3o de nebulosidade"},"content":{"rendered":"\n<p>Depois da chuva e da queda da temperatura durante o final de semana, a previs\u00e3o do tempo para esta ter\u00e7a-feira (17) \u00e9 de sol e varia\u00e7\u00e3o de nebulosidade em Mato Grosso do Sul. De acordo com o Cemtec (Centro de Monitoramento do Tempo e do Clima), as temperaturas ainda seguem amenas ao amanhecer, por\u00e9m, ao longo da semana, estar\u00e3o em gradativa eleva\u00e7\u00e3o.<\/p>\n\n\n\n<p>Campo Grande inicia o dia com 17\u00b0C e chega aos 28\u00b0C nos hor\u00e1rios mais quentes. A m\u00ednima prevista em Dourados \u00e9 de 14\u00b0C e a m\u00e1xima \u00e9 de 26\u00b0C. Na fronteira com o Paraguai, os valores em Ponta Por\u00e3 variam entre 15\u00b0C e 24\u00b0C. Anauril\u00e2ndia, na regi\u00e3o leste, tem m\u00ednima de 15\u00b0C e m\u00e1xima de 28\u00b0C.<\/p>\n\n\n\n<p>Na regi\u00e3o do Bols\u00e3o, Parana\u00edba tem 18\u00b0C pela manh\u00e3 e 34\u00b0C \u00e0 tarde. J\u00e1 os term\u00f4metros em Tr\u00eas Lagoas marcam 17\u00b0C inicialmente e atingem 30\u00b0C ao longo do dia. No munic\u00edpio de Coxim, no norte, a m\u00ednima prevista \u00e9 de 22\u00b0C e a m\u00e1xima de 34\u00b0C.<\/p>\n\n\n\n<p>Corumb\u00e1, no Pantanal, tem m\u00ednima de 22\u00b0C e m\u00e1xima de 29\u00b0C; Aquidauana, na mesma regi\u00e3o, apresenta varia\u00e7\u00e3o entre 20\u00b0C e 32\u00b0C. No sudoeste do Estado, Porto Murtinho amanhece com 18\u00b0C e deve chegar aos 32\u00b0C nesta ter\u00e7a-feira.<\/p>\n\n\n<div class=\"wp-block-image\">\n<figure class=\"aligncenter\"><a href=\"https:\/\/agenciadenoticias.ms.gov.br\/wp-content\/uploads\/2024\/09\/17-09-2024-tempo.jpg\"><img decoding=\"async\" src=\"https:\/\/agenciadenoticias.ms.gov.br\/wp-content\/uploads\/2024\/09\/17-09-2024-tempo.jpg\" alt=\"\" class=\"wp-image-490751\"\/><\/a><\/figure>\n<\/div>\n\n\n<p><em>Heloisa Duim, Programa de Est\u00e1gio Supervisionado<\/em><\/p>\n\n\n\n<p><em>Foto: \u00c1lvaro Rezende<\/em><\/p>\n","protected":false},"excerpt":{"rendered":"<p>Depois da chuva e da queda da temperatura durante o final de semana, a previs\u00e3o do tempo para esta ter\u00e7a-feira<\/p>\n","protected":false},"author":1,"featured_media":7430,"comment_status":"open","ping_status":"open","sticky":false,"template":"","format":"standard","meta":{"footnotes":""},"categories":[2],"tags":[],"class_list":["post-7429","post","type-post","status-publish","format-standard","has-post-thumbnail","hentry","category-noticias"],"_links":{"self":[{"href":"https:\/\/jornaloalvorada.com.br\/site\/wp-json\/wp\/v2\/posts\/7429","targetHints":{"allow":["GET"]}}],"collection":[{"href":"https:\/\/jornaloalvorada.com.br\/site\/wp-json\/wp\/v2\/posts"}],"about":[{"href":"https:\/\/jornaloalvorada.com.br\/site\/wp-json\/wp\/v2\/types\/post"}],"author":[{"embeddable":true,"href":"https:\/\/jornaloalvorada.com.br\/site\/wp-json\/wp\/v2\/users\/1"}],"replies":[{"embeddable":true,"href":"https:\/\/jornaloalvorada.com.br\/site\/wp-json\/wp\/v2\/comments?post=7429"}],"version-history":[{"count":1,"href":"https:\/\/jornaloalvorada.com.br\/site\/wp-json\/wp\/v2\/posts\/7429\/revisions"}],"predecessor-version":[{"id":7431,"href":"https:\/\/jornaloalvorada.com.br\/site\/wp-json\/wp\/v2\/posts\/7429\/revisions\/7431"}],"wp:featuredmedia":[{"embeddable":true,"href":"https:\/\/jornaloalvorada.com.br\/site\/wp-json\/wp\/v2\/media\/7430"}],"wp:attachment":[{"href":"https:\/\/jornaloalvorada.com.br\/site\/wp-json\/wp\/v2\/media?parent=7429"}],"wp:term":[{"taxonomy":"category","embeddable":true,"href":"https:\/\/jornaloalvorada.com.br\/site\/wp-json\/wp\/v2\/categories?post=7429"},{"taxonomy":"post_tag","embeddable":true,"href":"https:\/\/jornaloalvorada.com.br\/site\/wp-json\/wp\/v2\/tags?post=7429"}],"curies":[{"name":"wp","href":"https:\/\/api.w.org\/{rel}","templated":true}]}}