{"id":7421,"date":"2024-09-16T15:22:33","date_gmt":"2024-09-16T19:22:33","guid":{"rendered":"https:\/\/jornaloalvorada.com.br\/site\/?p=7421"},"modified":"2024-09-16T15:22:35","modified_gmt":"2024-09-16T19:22:35","slug":"datena-joga-cadeira-em-marcal-durante-debate-na-tv-cultura","status":"publish","type":"post","link":"https:\/\/jornaloalvorada.com.br\/site\/2024\/09\/16\/datena-joga-cadeira-em-marcal-durante-debate-na-tv-cultura\/","title":{"rendered":"Datena joga cadeira em Mar\u00e7al durante debate na \u201cTV Cultura\u201d"},"content":{"rendered":"\n<p>O apresentador e candidato a Prefeitura de S\u00e3o Paulo, <a href=\"https:\/\/monitor.poder360.com.br\/politicos-do-brasil\/1988952\/DATENA?ano=0\">Jos\u00e9 Luiz Datena<\/a> (PSDB), arremessou uma cadeira contra o advers\u00e1rio <a href=\"https:\/\/monitor.poder360.com.br\/politicos-do-brasil\/1829573\/PABLO-MAR%C3%87AL?ano=0\">Pablo Mar\u00e7al<\/a> (PRTB) durante o debate da <em>TV Cultura<\/em> na noite deste domingo (15.set.2024). O jornalista foi expulso. O ex-coach tamb\u00e9m deixou o local e foi encaminhado para o Hospital S\u00edrio-Liban\u00eas.<\/p>\n\n\n<div class=\"wp-block-image\">\n<figure class=\"aligncenter\"><img decoding=\"async\" src=\"https:\/\/static.poder360.com.br\/2024\/09\/daten-joga-cadeira-em-marcal.gif\" alt=\"\"\/><figcaption class=\"wp-element-caption\"><img decoding=\"async\" src=\"https:\/\/www.poder360.com.br\/wp-content\/themes\/poder\/assets\/img\/ico\/ce.svg\" alt=\"Copyright\"> Reprodu\u00e7\u00e3o\/TV Cultura \u2013 15.set.2024<\/figcaption><\/figure>\n<\/div>\n\n\n<p><em>Nas imagens, momento em que Datena joga a cadeira em Mar\u00e7al. \u201cTV Cultura\u201d interrompeu programa\u00e7\u00e3o para chamar comerciais<\/em><\/p>\n\n\n\n<p>Antes da agress\u00e3o, o ex-coach havia sido sorteado para fazer uma pergunta a Datena. Questionou o apresentador sobre quando ele iria desistir na disputa. No 2\u00ba bloco, o clima entre os 2 candidatos j\u00e1 havia esquentado, quando Mar\u00e7al acusou o jornalista de ter assediado sexualmente uma mulher.<\/p>\n\n\n\n<p><em>\u201cDapena <\/em>[apelido com o nome de Datena]<em>, voc\u00ea falou em uma entrevista que entrou em uma elei\u00e7\u00e3o errada. <\/em>[\u2026] <em>A gente quer saber que horas voc\u00ea vai parar, j\u00e1 abandonou a entrevista chorando. Voc\u00ea que \u00e9 um cara que s\u00f3 fala quando tem uma televis\u00e3o escrevendo ali. Que horas o Datena vai parar com essa palha\u00e7ada que ele t\u00e1 fazendo?\u201d<\/em>, disse Mar\u00e7al.<\/p>\n\n\n\n<p>Em resposta, Datena afirmou que a acusa\u00e7\u00e3o a qual Mar\u00e7al se referia j\u00e1 havia sido arquivada por falta de provas. Disse que o desgaste com epis\u00f3dio <em>\u201c<\/em><em>chegou a provocar a morte\u201d<\/em> de sua sogra.<\/p>\n\n\n\n<p>O ex-coach voltou a provocar o apresentador e questionou novamente quando ele deixaria a disputa.<\/p>\n\n\n\n<p><em>\u201cO Datena n\u00e3o sabe nem o que ele fala aqui <\/em>[\u2026]<em>. O Brasil quer saber, S\u00e3o Paulo quer saber, que horas voc\u00ea vai parar, voc\u00ea n\u00e3o respondeu \u00e0 pergunta. A gente quer saber, voc\u00ea \u00e9 um arreg\u00e3o, voc\u00ea atravessou o debate esses dias para me dar um tapa, e falou que queira ter feito, voc\u00ea n\u00e3o \u00e9 homem pra isso\u201d, <\/em>disse Mar\u00e7al.<\/p>\n\n\n\n<p>Depois desse momento, Datena foi para cima de Mar\u00e7al com uma cadeira. O programa foi interrompido por alguns minutos. Quando retomado, o apresentador da <em>TV Cultura<\/em>, disse que o epis\u00f3dio <em>\u201cfoi um dos mais absurdos da televis\u00e3o brasileira\u201d<\/em>. Informou que Datena foi expulso e que Pablo Mar\u00e7al optou por deixar o local. <a href=\"https:\/\/monitor.poder360.com.br\/politicos-do-brasil\/559880\/GUILHERME-BOULOS\/?ano=2022\" target=\"_blank\" rel=\"noreferrer noopener\">Guilherme Boulos<\/a> (Psol), <a href=\"https:\/\/monitor.poder360.com.br\/politicos-do-brasil\/1389301?ano=0\" target=\"_blank\" rel=\"noreferrer noopener\">Tabata Amaral<\/a> (PSB), <a href=\"https:\/\/monitor.poder360.com.br\/politicos-do-brasil\/1263490\/RICARDO-NUNES\/?ano=2020\" target=\"_blank\" rel=\"noreferrer noopener\">Ricardo Nunes<\/a> (MDB) e <a href=\"https:\/\/monitor.poder360.com.br\/politicos-do-brasil\/1880055\/MARINA-HELENA\/?ano=2024\" target=\"_blank\" rel=\"noreferrer noopener\">Marina Helena<\/a> (Novo) continuaram no debate.<\/p>\n\n\n\n<h2 class=\"wp-block-heading\">O QUE DIZ A \u201cTV CULTURA\u201d<\/h2>\n\n\n\n<p>Em nota ao <strong>Poder360<\/strong>, a emissora lamentou o ocorrido. Disse que \u201c<em>todas as provid\u00eancias foram tomadas<\/em>\u201d, de acordo com as regras estabelecidas previamente, incluindo a expuls\u00e3o de Datena. Conforme a <em>TV Cultura<\/em>, \u201c<em>o<\/em> <em>debate foi mantido mediante consulta e concord\u00e2ncia dos demais candidatos\u201d.<\/em><\/p>\n\n\n\n<p><strong>Leia a \u00edntegra da nota:<\/strong><\/p>\n\n\n\n<p><em>\u201cNOTA TV CULTURA \u2013 DEBATE<\/em><\/p>\n\n\n\n<p><em>\u201cA TV Cultura lamenta o epis\u00f3dio ocorrido durante o Debate com candidatos \u00e0 Prefeitura de S\u00e3o Paulo, neste domingo (15\/9), envolvendo os candidatos Jos\u00e9 Luiz Datena (PSDB) e Pablo Mar\u00e7al (PRTB).<\/em><\/p>\n\n\n\n<p><em>\u201cA emissora reitera que, ap\u00f3s a agress\u00e3o, todas as provid\u00eancias foram tomadas, de acordo com as regras estabelecidas previamente \u2013 por escrito, entre a Cultura e as campanhas de todos os candidatos presentes -, incluindo a expuls\u00e3o do candidato Jos\u00e9 Luiz Datena. Al\u00e9m disso, o Debate foi mantido mediante consulta e concord\u00e2ncia dos demais candidatos.<\/em><\/p>\n\n\n\n<p><em>\u201cDurante o ocorrido, todas as medidas, incluindo relacionadas \u00e0 cobertura da imprensa, foram tomadas visando a seguran\u00e7a dos presentes no Teatro B32 e em conson\u00e2ncia \u00e0s regras deliberadas anteriormente.\u201d<\/em><\/p>\n\n\n\n<h2 class=\"wp-block-heading\">CORRIDA ELEITORAL EM SP<\/h2>\n\n\n\n<p>Pesquisa <a href=\"https:\/\/datafolha.folha.uol.com.br\/\">Datafolha<\/a> divulgada na 5\u00aa feira (12.set) mostra uma rea\u00e7\u00e3o de Nunes na corrida pela reelei\u00e7\u00e3o na cidade de S\u00e3o Paulo. O pol\u00edtico tem agora 27% das inten\u00e7\u00f5es de voto. No estudo realizado uma semana antes, tinha 22%.<\/p>\n\n\n\n<p>Na sequ\u00eancia, Boulos, com 25%. Mar\u00e7al&nbsp;pontua 19% (uma oscila\u00e7\u00e3o negativa de 3 pontos percentuais na compara\u00e7\u00e3o com o estudo anterior). A margem de erro da pesquisa \u00e9 de 3 pontos percentuais para mais ou para menos, por isso h\u00e1 uma situa\u00e7\u00e3o de empate t\u00e9cnico entre os 2.<\/p>\n\n\n\n<figure class=\"wp-block-image\"><img decoding=\"async\" src=\"https:\/\/static.poder360.com.br\/2024\/09\/datafolha-sp-22-ago-2024-1-scaled.jpg\" alt=\"\"\/><\/figure>\n\n\n\n<p>A pesquisa foi realizada pela Datafolha de 10 a 12 de setembro de 2024. Foram entrevistadas 1.204 pessoas com 16 anos ou mais em S\u00e3o Paulo (SP). O intervalo de confian\u00e7a \u00e9 de 95%. A margem de erro \u00e9 de 3 pontos percentuais, para mais ou para menos. O levantamento est\u00e1 registrado no <a href=\"https:\/\/www.tse.jus.br\/\" target=\"_blank\" rel=\"noreferrer noopener\">TSE<\/a> (Tribunal Superior Eleitoral) sob o n\u00ba SP-07978\/2024. Segundo o Datafolha, o custo do estudo foi de R$ 95.438,14. O valor foi pago pela <em>Folha de S .Paulo<\/em>.<\/p>\n\n\n\n<p><strong><em>Fonte: Poder360<\/em><\/strong><\/p>\n","protected":false},"excerpt":{"rendered":"<p>O apresentador e candidato a Prefeitura de S\u00e3o Paulo, Jos\u00e9 Luiz Datena (PSDB), arremessou uma cadeira contra o advers\u00e1rio Pablo<\/p>\n","protected":false},"author":1,"featured_media":7422,"comment_status":"open","ping_status":"open","sticky":false,"template":"","format":"standard","meta":{"footnotes":""},"categories":[2],"tags":[],"class_list":["post-7421","post","type-post","status-publish","format-standard","has-post-thumbnail","hentry","category-noticias"],"_links":{"self":[{"href":"https:\/\/jornaloalvorada.com.br\/site\/wp-json\/wp\/v2\/posts\/7421","targetHints":{"allow":["GET"]}}],"collection":[{"href":"https:\/\/jornaloalvorada.com.br\/site\/wp-json\/wp\/v2\/posts"}],"about":[{"href":"https:\/\/jornaloalvorada.com.br\/site\/wp-json\/wp\/v2\/types\/post"}],"author":[{"embeddable":true,"href":"https:\/\/jornaloalvorada.com.br\/site\/wp-json\/wp\/v2\/users\/1"}],"replies":[{"embeddable":true,"href":"https:\/\/jornaloalvorada.com.br\/site\/wp-json\/wp\/v2\/comments?post=7421"}],"version-history":[{"count":1,"href":"https:\/\/jornaloalvorada.com.br\/site\/wp-json\/wp\/v2\/posts\/7421\/revisions"}],"predecessor-version":[{"id":7423,"href":"https:\/\/jornaloalvorada.com.br\/site\/wp-json\/wp\/v2\/posts\/7421\/revisions\/7423"}],"wp:featuredmedia":[{"embeddable":true,"href":"https:\/\/jornaloalvorada.com.br\/site\/wp-json\/wp\/v2\/media\/7422"}],"wp:attachment":[{"href":"https:\/\/jornaloalvorada.com.br\/site\/wp-json\/wp\/v2\/media?parent=7421"}],"wp:term":[{"taxonomy":"category","embeddable":true,"href":"https:\/\/jornaloalvorada.com.br\/site\/wp-json\/wp\/v2\/categories?post=7421"},{"taxonomy":"post_tag","embeddable":true,"href":"https:\/\/jornaloalvorada.com.br\/site\/wp-json\/wp\/v2\/tags?post=7421"}],"curies":[{"name":"wp","href":"https:\/\/api.w.org\/{rel}","templated":true}]}}