{"id":7417,"date":"2024-09-16T15:18:01","date_gmt":"2024-09-16T19:18:01","guid":{"rendered":"https:\/\/jornaloalvorada.com.br\/site\/?p=7417"},"modified":"2024-09-16T15:18:03","modified_gmt":"2024-09-16T19:18:03","slug":"mulheres-ocupam-85-das-vagas-em-viveiro-de-mudas-e-mostram-a-forca-da-insercao-no-mercado-de-trabalho","status":"publish","type":"post","link":"https:\/\/jornaloalvorada.com.br\/site\/2024\/09\/16\/mulheres-ocupam-85-das-vagas-em-viveiro-de-mudas-e-mostram-a-forca-da-insercao-no-mercado-de-trabalho\/","title":{"rendered":"Mulheres ocupam 85% das vagas em viveiro de mudas e mostram a for\u00e7a da inser\u00e7\u00e3o no mercado de trabalho"},"content":{"rendered":"\n<p>Coletar, plantar e cuidar. As tarefas comuns em todo viveiro de mudas tem a forte presen\u00e7a feminina no empreendimento inaugurado pela Suzano na semana passada, em Ribas do Rio Pardo. J\u00e1 em opera\u00e7\u00e3o parcial desde os primeiros meses de 2024, o viveiro do Projeto Cerrado vai empregar cerca de 240 pessoas no total. O time de colaboradores \u00e9 composto 85% por mulheres e foi qualificado por meio de programas de forma\u00e7\u00e3o oferecidos pela pr\u00f3pria Suzano, juntamente com seus parceiros institucionais, e \u00e9 100% formado por moradores e moradoras de Ribas do Rio Pardo.<\/p>\n\n\n\n<figure class=\"wp-block-image\" id=\"attachment_136037\"><a href=\"https:\/\/www.semadesc.ms.gov.br\/wp-content\/uploads\/2024\/09\/mulheresviveirojuntas.jpg\"><img decoding=\"async\" src=\"https:\/\/www.semadesc.ms.gov.br\/wp-content\/uploads\/2024\/09\/mulheresviveirojuntas-1024x682.jpg\" alt=\"\" class=\"wp-image-136037\"\/><\/a><figcaption class=\"wp-element-caption\">Funcion\u00e1rias fazem a prepara\u00e7\u00e3o das mudas que ser\u00e3o cultivadas na parte externa do viveiro em Ribas do Rio Pardo<\/figcaption><\/figure>\n\n\n\n<p>O trabalho das mulheres no setor florestal do munic\u00edpio tem ganhado destaque gra\u00e7as a iniciativas de qualifica\u00e7\u00e3o profissional promovidas pelo Governo do Estado em parceria com os sistemas Senai, Senat, Senac, Senar e Sebrae. Este esfor\u00e7o \u00e9 parte de um movimento maior para promover a inclus\u00e3o de mulheres em \u00e1reas tradicionalmente dominadas por homens, como o setor de base florestal, que inclui atividades de manejo e de produ\u00e7\u00e3o de madeira e celulose.<\/p>\n\n\n\n<p>A qualifica\u00e7\u00e3o oferecida pelo projeto MS Qualifica tem um papel essencial nesse processo, capacitando mulheres para atuarem em diferentes \u00e1reas do setor florestal, desde o viveiro de mudas, opera\u00e7\u00e3o de m\u00e1quinas pesadas at\u00e9 fun\u00e7\u00f5es administrativas e de gest\u00e3o ambiental. O programa inclui cursos r\u00e1pidos voltados para a opera\u00e7\u00e3o de maquin\u00e1rio espec\u00edfico, t\u00e9cnicas de plantio, colheita e manejo sustent\u00e1vel de florestas, bem como treinamentos em seguran\u00e7a do trabalho e responsabilidade socioambiental.<\/p>\n\n\n\n<figure class=\"wp-block-image\" id=\"attachment_136041\"><a href=\"https:\/\/www.semadesc.ms.gov.br\/wp-content\/uploads\/2024\/09\/mulheresviveirosuzano.jpg\"><img decoding=\"async\" src=\"https:\/\/www.semadesc.ms.gov.br\/wp-content\/uploads\/2024\/09\/mulheresviveirosuzano-1024x682.jpg\" alt=\"\" class=\"wp-image-136041\"\/><\/a><figcaption class=\"wp-element-caption\">Mulheres s\u00e3o maioria em viveiro de mudas inaugurado em Ribas do Rio Pardo e mostram a for\u00e7a da inser\u00e7\u00e3o no mercado de trabalho<\/figcaption><\/figure>\n\n\n\n<p>O secret\u00e1rio-executivo de Qualifica\u00e7\u00e3o Profissional e Trabalho (Sequalit), Esa\u00fa Aguiar, destacou que o viveiro \u00e9 uma prova desta a\u00e7\u00e3o de transforma\u00e7\u00e3o e inser\u00e7\u00e3o no mercado de trabalho. &#8220;O viveiro mostra uma tend\u00eancia muito forte do grupo feminino que est\u00e1 sendo inserido no mercado de trabalho na ind\u00fastria. E esse n\u00famero pode aumentar com novas oportunidades&#8221;, frisou. Por isso, ele avalia que \u00e9 interessante que a popula\u00e7\u00e3o do munic\u00edpio entenda este momento de oportunidade. &#8220;Isso vai acontecer de maneira escalonada de acordo com a produ\u00e7\u00e3o fomentando. Ent\u00e3o, grandes oportunidades v\u00e3o acontecer nessa \u00e1rea. O viveiro \u00e9 a coroa\u00e7\u00e3o do projeto do Vale da Celulose&#8221;, acrescentou.<\/p>\n\n\n\n<p><strong>Inser\u00e7\u00e3o<\/strong><\/p>\n\n\n\n<p>Para a diretora-presidente da Funtrab (Funda\u00e7\u00e3o de Trabalho de Mato Grosso do Sul), Marina Dobashi, a inclus\u00e3o das mulheres no setor florestal n\u00e3o s\u00f3 contribui para a igualdade de g\u00eanero, mas tamb\u00e9m fortalece a economia local. &#8220;Isso proporciona novas oportunidades de emprego e carreira para as trabalhadoras da regi\u00e3o. Al\u00e9m disso, a entrada de mais mulheres no mercado florestal pode promover um ambiente de trabalho mais diverso e inclusivo, gerando impactos positivos tanto na produtividade quanto na qualidade do trabalho&#8221;, salienta.<\/p>\n\n\n\n<p>Essa iniciativa reflete um esfor\u00e7o maior do governo em reduzir as barreiras que historicamente limitavam a participa\u00e7\u00e3o feminina em setores industriais e, ao mesmo tempo, atender a crescente demanda de profissionais qualificados no setor florestal, de celulose e papel, que est\u00e1 em expans\u00e3o na regi\u00e3o de Ribas do Rio Pardo.<\/p>\n\n\n<div class=\"wp-block-image\">\n<figure class=\"alignleft\" id=\"attachment_136042\"><a href=\"https:\/\/www.semadesc.ms.gov.br\/wp-content\/uploads\/2024\/09\/gelva-e-monica.jpg\"><img decoding=\"async\" src=\"https:\/\/www.semadesc.ms.gov.br\/wp-content\/uploads\/2024\/09\/gelva-e-monica-300x200.jpg\" alt=\"\" class=\"wp-image-136042\"\/><\/a><figcaption class=\"wp-element-caption\">Primeira-dama M\u00f4nica Riedel e a funcion\u00e1ria do viveiro Gelva de Jesus<\/figcaption><\/figure>\n<\/div>\n\n\n<p>Uma destas colaboradoras \u00e9 Gelva de Jesus, de 50 anos. Ela sempre trabalhou com mudas em outras empresas da regi\u00e3o e aprendeu o of\u00edcio no campo. Com o tempo, foi aprimorando suas habilidades e viu na Suzano uma oportunidade de trabalho mais qualificada. &#8220;A sensa\u00e7\u00e3o \u00e9 maravilhosa de coletar, plantar e ter uma profiss\u00e3o&#8221;, diz a plantadora. A filha seguiu os passos da m\u00e3e e hoje tamb\u00e9m atua no viveiro.<\/p>\n\n\n\n<p><strong>Qualifica\u00e7\u00e3o em foco<\/strong><\/p>\n\n\n\n<p>A qualifica\u00e7\u00e3o est\u00e1 no escopo dos R$ 31,75 milh\u00f5es investidos pela Suzano em forma\u00e7\u00e3o profissional para as opera\u00e7\u00f5es florestais ao longo do Projeto Cerrado. Conforme o diretor de opera\u00e7\u00f5es florestais da empresa, Carlos An\u00edbal de Almeida, foram mais de 20 mil horas dedicadas ao treinamento de operadores, mec\u00e2nicos e operadores de m\u00e1quinas de colheita. &#8220;N\u00f3s refor\u00e7amos aqui o nosso compromisso com a equidade, com a inclus\u00e3o, com a inser\u00e7\u00e3o. Oitenta e cinco por cento n\u00f3s fazemos, no m\u00ednimo, quest\u00e3o de que sejam mulheres e da regi\u00e3o. Queremos tamb\u00e9m trazer para a Ribas, no viveiro, os PcDs. Ent\u00e3o n\u00f3s nos sentimos respons\u00e1veis tamb\u00e9m pelo nosso projeto ser um meio de inser\u00e7\u00e3o, de inclus\u00e3o social. Acreditamos muito no potencial dos trabalhadores, e de fazermos deste viveiro de Ribas, uma refer\u00eancia para Suzano e tamb\u00e9m para o mundo da floresta, para o mundo da celulose&#8221;, salientou.<\/p>\n\n\n\n<p><strong>Outras frentes<\/strong><br>O avan\u00e7o da inser\u00e7\u00e3o da m\u00e3o de obra feminina nos mais variados segmentos da economia estadual j\u00e1 \u00e9 notada tamb\u00e9m pela Sequalit. De acordo com o secret\u00e1rio-executivo Esa\u00fa Aguiar, dos 7.300 inscritos no Voucher Transportador, 1.294, ou aproximadamente 18%, s\u00e3o mulheres. Desse montante, 668 j\u00e1 foram convocadas e 122 CNHs para mulheres foram emitidas.<\/p>\n\n\n\n<p>Em Mato Grosso do Sul (Detran), o volume de mulheres com CNH D e E soma 8546 documentos.<\/p>\n\n\n\n<p><em>Rosana Siqueira, da Semadesc<\/em><\/p>\n\n\n\n<p><em>Fotos: Mairinco de Pauda<\/em><\/p>\n","protected":false},"excerpt":{"rendered":"<p>Coletar, plantar e cuidar. As tarefas comuns em todo viveiro de mudas tem a forte presen\u00e7a feminina no empreendimento inaugurado<\/p>\n","protected":false},"author":1,"featured_media":7418,"comment_status":"open","ping_status":"open","sticky":false,"template":"","format":"standard","meta":{"footnotes":""},"categories":[2],"tags":[],"class_list":["post-7417","post","type-post","status-publish","format-standard","has-post-thumbnail","hentry","category-noticias"],"_links":{"self":[{"href":"https:\/\/jornaloalvorada.com.br\/site\/wp-json\/wp\/v2\/posts\/7417","targetHints":{"allow":["GET"]}}],"collection":[{"href":"https:\/\/jornaloalvorada.com.br\/site\/wp-json\/wp\/v2\/posts"}],"about":[{"href":"https:\/\/jornaloalvorada.com.br\/site\/wp-json\/wp\/v2\/types\/post"}],"author":[{"embeddable":true,"href":"https:\/\/jornaloalvorada.com.br\/site\/wp-json\/wp\/v2\/users\/1"}],"replies":[{"embeddable":true,"href":"https:\/\/jornaloalvorada.com.br\/site\/wp-json\/wp\/v2\/comments?post=7417"}],"version-history":[{"count":1,"href":"https:\/\/jornaloalvorada.com.br\/site\/wp-json\/wp\/v2\/posts\/7417\/revisions"}],"predecessor-version":[{"id":7419,"href":"https:\/\/jornaloalvorada.com.br\/site\/wp-json\/wp\/v2\/posts\/7417\/revisions\/7419"}],"wp:featuredmedia":[{"embeddable":true,"href":"https:\/\/jornaloalvorada.com.br\/site\/wp-json\/wp\/v2\/media\/7418"}],"wp:attachment":[{"href":"https:\/\/jornaloalvorada.com.br\/site\/wp-json\/wp\/v2\/media?parent=7417"}],"wp:term":[{"taxonomy":"category","embeddable":true,"href":"https:\/\/jornaloalvorada.com.br\/site\/wp-json\/wp\/v2\/categories?post=7417"},{"taxonomy":"post_tag","embeddable":true,"href":"https:\/\/jornaloalvorada.com.br\/site\/wp-json\/wp\/v2\/tags?post=7417"}],"curies":[{"name":"wp","href":"https:\/\/api.w.org\/{rel}","templated":true}]}}