{"id":7414,"date":"2024-09-16T15:16:31","date_gmt":"2024-09-16T19:16:31","guid":{"rendered":"https:\/\/jornaloalvorada.com.br\/site\/?p=7414"},"modified":"2024-09-16T15:16:33","modified_gmt":"2024-09-16T19:16:33","slug":"calorao-e-baixa-umidade-do-ar-voltam-a-deixar-ms-com-clima-de-deserto-nos-proximos-dias","status":"publish","type":"post","link":"https:\/\/jornaloalvorada.com.br\/site\/2024\/09\/16\/calorao-e-baixa-umidade-do-ar-voltam-a-deixar-ms-com-clima-de-deserto-nos-proximos-dias\/","title":{"rendered":"Calor\u00e3o e baixa umidade do ar voltam a deixar MS com clima de deserto nos pr\u00f3ximos dias"},"content":{"rendered":"\n<p>Com o aumento gradativo nas temperaturas ao longo da semana, os pr\u00f3ximos dias devem ser marcados por mais calor em Mato Grosso do Sul. A meteorologia indica tempo firme, mas com varia\u00e7\u00e3o de nebulosidade.<\/p>\n\n\n\n<p>Um cen\u00e1rio bem conhecido de quem vive no Estado. Depois de um amanhecer mais fresco, os term\u00f4metros v\u00e3o subindo durante a manh\u00e3 e a tarde, principalmente entre esta segunda-feira (16) e amanh\u00e3.<\/p>\n\n\n\n<p>Pancadas de chuvas podem ocorrer principalmente nas regi\u00f5es Central e Leste com avan\u00e7o de um sistema de baixa press\u00e3o atmosf\u00e9rica, segundo o Cemtec (Centro de Monitoramento do Tempo e do Clima).<\/p>\n\n\n\n<p>Est\u00e3o previstas temperaturas entre 14\u00b0C e 26\u00b0C para as regi\u00f5es Sul, Sudeste e Leste do Estado. No Pantanal e no Sudoeste espera-se que os term\u00f4metros registrem entre 17\u00b0C e 31\u00b0C.<\/p>\n\n\n\n<p>Em Parana\u00edba e regi\u00e3o m\u00ednima de 18\u00b0C e m\u00e1xima 36\u00b0C, assim como no Norte. Para Campo Grande a meteorologia indica temperaturas entre 17\u00b0C e 31\u00b0C. Pontualmente podem ocorrer rajadas de vento acima de 60 km por hora.<\/p>\n\n\n\n<p>Para quarta-feira (18) e quinta-feira (19) h\u00e1 previs\u00e3o de tempo mais firme com sol e varia\u00e7\u00e3o de nebulosidade. Devem ser registradas temperaturas acima da m\u00e9dia podendo atingir de 37\u00b0C a 41\u00b0C com umidade relativa do ar entre 10% e 30%.<\/p>\n\n\n\n<p>Em Dourados e regi\u00e3o, os term\u00f4metros v\u00e3o de 17\u00b0C a 36\u00b0C, assim como o Sudeste o Leste do Estado. No Pantanal e no Sudoeste devem ficar entre 24\u00b0C e 40\u00b0C.<\/p>\n\n\n\n<p>Nas regi\u00f5es do Bols\u00e3o e Norte s\u00e3o esperadas m\u00ednimas entre 19\u00b0C e 25\u00b0C e m\u00e1ximas entre 36\u00b0C e 41\u00b0C. Em Campo Grande a temperatura varia de 21\u00b0C a 37\u00baC.<\/p>\n\n\n\n<p>Lembrando que com eleva\u00e7\u00e3o gradativa ao longo da semana, as temperaturas podem chegar a 41 graus principalmente em Coxim e regi\u00e3o, Norte, Bols\u00e3o, Sudoeste e no Pantanal.&nbsp;<\/p>\n\n\n\n<p>A umidade relativa do ar ser\u00e1 mais uma vez marcada por n\u00edveis baix\u00edssimos, entre 10% e 30%, colocando em risco a sa\u00fade das pessoas, por isso uma das recomenda\u00e7\u00f5es \u00e9 beber bastante \u00e1gua e umidificar os ambientes.<\/p>\n\n\n<div class=\"wp-block-image\">\n<figure class=\"aligncenter\"><a href=\"https:\/\/agenciadenoticias.ms.gov.br\/wp-content\/uploads\/2024\/09\/tempo.jpg\"><img decoding=\"async\" src=\"https:\/\/agenciadenoticias.ms.gov.br\/wp-content\/uploads\/2024\/09\/tempo.jpg\" alt=\"\" class=\"wp-image-490652\"\/><\/a><\/figure>\n<\/div>\n\n\n<p><em>Danielly Escher, Comunica\u00e7\u00e3o Governo de MS<\/em><br><em>Foto: Bruno Rezende<\/em><\/p>\n","protected":false},"excerpt":{"rendered":"<p>Com o aumento gradativo nas temperaturas ao longo da semana, os pr\u00f3ximos dias devem ser marcados por mais calor em<\/p>\n","protected":false},"author":1,"featured_media":7415,"comment_status":"open","ping_status":"open","sticky":false,"template":"","format":"standard","meta":{"footnotes":""},"categories":[2],"tags":[],"class_list":["post-7414","post","type-post","status-publish","format-standard","has-post-thumbnail","hentry","category-noticias"],"_links":{"self":[{"href":"https:\/\/jornaloalvorada.com.br\/site\/wp-json\/wp\/v2\/posts\/7414","targetHints":{"allow":["GET"]}}],"collection":[{"href":"https:\/\/jornaloalvorada.com.br\/site\/wp-json\/wp\/v2\/posts"}],"about":[{"href":"https:\/\/jornaloalvorada.com.br\/site\/wp-json\/wp\/v2\/types\/post"}],"author":[{"embeddable":true,"href":"https:\/\/jornaloalvorada.com.br\/site\/wp-json\/wp\/v2\/users\/1"}],"replies":[{"embeddable":true,"href":"https:\/\/jornaloalvorada.com.br\/site\/wp-json\/wp\/v2\/comments?post=7414"}],"version-history":[{"count":1,"href":"https:\/\/jornaloalvorada.com.br\/site\/wp-json\/wp\/v2\/posts\/7414\/revisions"}],"predecessor-version":[{"id":7416,"href":"https:\/\/jornaloalvorada.com.br\/site\/wp-json\/wp\/v2\/posts\/7414\/revisions\/7416"}],"wp:featuredmedia":[{"embeddable":true,"href":"https:\/\/jornaloalvorada.com.br\/site\/wp-json\/wp\/v2\/media\/7415"}],"wp:attachment":[{"href":"https:\/\/jornaloalvorada.com.br\/site\/wp-json\/wp\/v2\/media?parent=7414"}],"wp:term":[{"taxonomy":"category","embeddable":true,"href":"https:\/\/jornaloalvorada.com.br\/site\/wp-json\/wp\/v2\/categories?post=7414"},{"taxonomy":"post_tag","embeddable":true,"href":"https:\/\/jornaloalvorada.com.br\/site\/wp-json\/wp\/v2\/tags?post=7414"}],"curies":[{"name":"wp","href":"https:\/\/api.w.org\/{rel}","templated":true}]}}