{"id":7400,"date":"2024-09-13T08:52:56","date_gmt":"2024-09-13T12:52:56","guid":{"rendered":"https:\/\/jornaloalvorada.com.br\/site\/?p=7400"},"modified":"2024-09-13T08:52:59","modified_gmt":"2024-09-13T12:52:59","slug":"empresas-nao-protegem-criancas-na-internet-dizem-9-em-cada-10-pessoas","status":"publish","type":"post","link":"https:\/\/jornaloalvorada.com.br\/site\/2024\/09\/13\/empresas-nao-protegem-criancas-na-internet-dizem-9-em-cada-10-pessoas\/","title":{"rendered":"Empresas n\u00e3o protegem crian\u00e7as na internet, dizem 9 em cada 10 pessoas"},"content":{"rendered":"\n<p>Pesquisa do Instituto Alana mostra que nove em dez brasileiros acreditam que as empresas de redes sociais est\u00e3o fazendo menos do que o suficiente para proteger crian\u00e7as e adolescentes na internet. Para o levantamento foram entrevistadas 2.009 pessoas pelo Datafolha, com 16 anos ou mais, de todas as classes sociais, entre os dias 12 e 18 de julho.<img decoding=\"async\" src=\"https:\/\/agenciabrasil.ebc.com.br\/ebc.png?id=1611964&amp;o=node\"><img decoding=\"async\" src=\"https:\/\/agenciabrasil.ebc.com.br\/ebc.gif?id=1611964&amp;o=node\"><\/p>\n\n\n\n<p>De acordo com a pesquisa, divulgada nessa quinta-feira (12), 97% dos entrevistados apontaram que as empresas deveriam tomar uma das seguintes medidas para proteger as crian\u00e7as e adolescentes na internet: solicitar a comprova\u00e7\u00e3o de identidade dos usu\u00e1rios; melhorar o atendimento e apoio ao consumidor para den\u00fancias; proibir a publicidade e venda para crian\u00e7as; acabar com a reprodu\u00e7\u00e3o autom\u00e1tica e rolagem infinita de v\u00eddeos, como reels ou shorts; ou limitar o tempo de uso dos servi\u00e7os.<\/p>\n\n\n\n<p>\u201cA pesquisa e seus resultados expressivos mostram que \u00e9 realmente difundida a percep\u00e7\u00e3o de que a falta de a\u00e7\u00e3o das empresas, no sentido cumprir com seu dever constitucional de proteger as crian\u00e7as e os adolescentes no ambiente digital, est\u00e1 impactando negativamente o desenvolvimento integral\u201d, destacou a co-l\u00edder do Eixo Digital e coordenadora do programa Crian\u00e7a e Consumo, do Instituto Alana, Maria Mello.<\/p>\n\n\n\n<p>O levantamento mostra ainda que oito em cada dez brasileiros acreditam que a lei brasileira protege menos as crian\u00e7as e adolescentes do que a de outros pa\u00edses. Quando a quest\u00e3o recai sobre a Lei Geral de Prote\u00e7\u00e3o de Dados (LGPD), sete em cada dez brasileiros acreditam que ela n\u00e3o tem sido eficaz no combate \u00e0 publicidade infantil.<\/p>\n\n\n\n<p>A pesquisa constata tamb\u00e9m que h\u00e1 uma percep\u00e7\u00e3o geral na sociedade brasileira de que as redes sociais t\u00eam impacto sobre a seguran\u00e7a, sa\u00fade e o&nbsp;desenvolvimento das crian\u00e7as e adolescentes: 93% concordam que as crian\u00e7as e adolescentes est\u00e3o ficando viciadas em redes sociais; 92% concordam que \u00e9 muito dif\u00edcil para crian\u00e7as e adolescentes se defenderem sozinhas de viol\u00eancias e de conte\u00fados inadequad&nbsp;para sua idade; 87% concordam que a exibi\u00e7\u00e3o de propagandas e comerciais para crian\u00e7as e adolescentes nas redes sociais incentiva o consumo em excesso; e 86% concordam que os conte\u00fados mais acessados atualmente por crian\u00e7as e adolescentes&nbsp;n\u00e3o s\u00e3o adequados para a idade deles.<\/p>\n\n\n\n<p><strong><em>Fonte: Ag\u00eancia Brasil<\/em><\/strong><\/p>\n","protected":false},"excerpt":{"rendered":"<p>Pesquisa do Instituto Alana mostra que nove em dez brasileiros acreditam que as empresas de redes sociais est\u00e3o fazendo menos<\/p>\n","protected":false},"author":1,"featured_media":7401,"comment_status":"open","ping_status":"open","sticky":false,"template":"","format":"standard","meta":{"footnotes":""},"categories":[2],"tags":[],"class_list":["post-7400","post","type-post","status-publish","format-standard","has-post-thumbnail","hentry","category-noticias"],"_links":{"self":[{"href":"https:\/\/jornaloalvorada.com.br\/site\/wp-json\/wp\/v2\/posts\/7400","targetHints":{"allow":["GET"]}}],"collection":[{"href":"https:\/\/jornaloalvorada.com.br\/site\/wp-json\/wp\/v2\/posts"}],"about":[{"href":"https:\/\/jornaloalvorada.com.br\/site\/wp-json\/wp\/v2\/types\/post"}],"author":[{"embeddable":true,"href":"https:\/\/jornaloalvorada.com.br\/site\/wp-json\/wp\/v2\/users\/1"}],"replies":[{"embeddable":true,"href":"https:\/\/jornaloalvorada.com.br\/site\/wp-json\/wp\/v2\/comments?post=7400"}],"version-history":[{"count":1,"href":"https:\/\/jornaloalvorada.com.br\/site\/wp-json\/wp\/v2\/posts\/7400\/revisions"}],"predecessor-version":[{"id":7402,"href":"https:\/\/jornaloalvorada.com.br\/site\/wp-json\/wp\/v2\/posts\/7400\/revisions\/7402"}],"wp:featuredmedia":[{"embeddable":true,"href":"https:\/\/jornaloalvorada.com.br\/site\/wp-json\/wp\/v2\/media\/7401"}],"wp:attachment":[{"href":"https:\/\/jornaloalvorada.com.br\/site\/wp-json\/wp\/v2\/media?parent=7400"}],"wp:term":[{"taxonomy":"category","embeddable":true,"href":"https:\/\/jornaloalvorada.com.br\/site\/wp-json\/wp\/v2\/categories?post=7400"},{"taxonomy":"post_tag","embeddable":true,"href":"https:\/\/jornaloalvorada.com.br\/site\/wp-json\/wp\/v2\/tags?post=7400"}],"curies":[{"name":"wp","href":"https:\/\/api.w.org\/{rel}","templated":true}]}}