{"id":7384,"date":"2024-09-11T10:11:40","date_gmt":"2024-09-11T14:11:40","guid":{"rendered":"https:\/\/jornaloalvorada.com.br\/site\/?p=7384"},"modified":"2024-09-11T10:11:43","modified_gmt":"2024-09-11T14:11:43","slug":"tempo-permanece-quente-e-seco-com-umidade-relativa-do-ar-entre-5-e-20-nesta-quarta-feira","status":"publish","type":"post","link":"https:\/\/jornaloalvorada.com.br\/site\/2024\/09\/11\/tempo-permanece-quente-e-seco-com-umidade-relativa-do-ar-entre-5-e-20-nesta-quarta-feira\/","title":{"rendered":"Tempo permanece quente e seco, com umidade relativa do ar entre 5% e 20% nesta quarta-feira"},"content":{"rendered":"\n<p>Com sol e poucas nuvens em Mato Grosso do Sul, o tempo segue firme nesta quarta-feira (11). De acordo com o Cemtec (Centro de Monitoramento do Tempo e do Clima), essa situa\u00e7\u00e3o ocorre devido a atua\u00e7\u00e3o de um sistema de alta press\u00e3o atmosf\u00e9rica que atua como bloqueio atmosf\u00e9rico, inibindo a forma\u00e7\u00e3o de nuvens e favorecendo o tempo quente e seco.<\/p>\n\n\n\n<p>\u00c9 importante que, para manter a sa\u00fade em dia, a popula\u00e7\u00e3o beba bastante l\u00edquido, evite exposi\u00e7\u00e3o ao sol e umidifique os ambientes. \u201cAs condi\u00e7\u00f5es meteorol\u00f3gicas previstas, de tempo quente e seco, tornam o ambiente atmosf\u00e9rico favor\u00e1vel para a ocorr\u00eancia de inc\u00eandios florestais\u201d, acrescenta o \u00f3rg\u00e3o. Fogo n\u00e3o deve ser ateado em nenhuma situa\u00e7\u00e3o.<\/p>\n\n\n\n<p>Os term\u00f4metros em Campo Grande marcam 25\u00b0C inicialmente e chegam aos 37\u00b0C ao longo do dia. Em Dourados, a m\u00ednima \u00e9 de 20\u00b0C e a m\u00e1xima de 39\u00b0C. Nas regi\u00f5es Sul-Fronteira e leste, Ponta Por\u00e3 e Anauril\u00e2ndia amanhecem com 35\u00b0C e atingem m\u00e1ximas de 35\u00b0C e 38\u00b0C, respectivamente.<\/p>\n\n\n\n<p>Em Parana\u00edba, no Bols\u00e3o, os valores variam entre 20\u00b0C e 37\u00b0C; Tr\u00eas Lagoas, na mesma regi\u00e3o, tem m\u00ednima de 21\u00b0C e m\u00e1xima de 38\u00b0C. Na regi\u00e3o norte, o munic\u00edpio de Coxim registra 23\u00b0C inicialmente e chega aos 38\u00b0C nos hor\u00e1rios mais quentes.<\/p>\n\n\n\n<p>Nesta quarta-feira, as temperaturas mais altas podem chegar aos 40\u00b0C em duas regi\u00f5es do Estado: sudeste e Pantanal. No sudeste, Porto Murtinho tem m\u00ednima de 26\u00b0C; na regi\u00e3o pantaneira, Aquidauana inicia o dia com 22\u00b0C.<\/p>\n\n\n\n<figure class=\"wp-block-image\"><a href=\"https:\/\/agenciadenoticias.ms.gov.br\/wp-content\/uploads\/2024\/09\/Mapa-Previsao-11-09-24.jpeg\"><img decoding=\"async\" src=\"https:\/\/agenciadenoticias.ms.gov.br\/wp-content\/uploads\/2024\/09\/Mapa-Previsao-11-09-24-1024x724.jpeg\" alt=\"\"\/><\/a><\/figure>\n\n\n\n<p><em>Heloisa Duim, Programa de Est\u00e1gio Supervisionado<\/em><br><em>Foto: \u00c1lvaro Rezende<\/em><\/p>\n","protected":false},"excerpt":{"rendered":"<p>Com sol e poucas nuvens em Mato Grosso do Sul, o tempo segue firme nesta quarta-feira (11). De acordo com<\/p>\n","protected":false},"author":1,"featured_media":7385,"comment_status":"open","ping_status":"open","sticky":false,"template":"","format":"standard","meta":{"footnotes":""},"categories":[2],"tags":[],"class_list":["post-7384","post","type-post","status-publish","format-standard","has-post-thumbnail","hentry","category-noticias"],"_links":{"self":[{"href":"https:\/\/jornaloalvorada.com.br\/site\/wp-json\/wp\/v2\/posts\/7384","targetHints":{"allow":["GET"]}}],"collection":[{"href":"https:\/\/jornaloalvorada.com.br\/site\/wp-json\/wp\/v2\/posts"}],"about":[{"href":"https:\/\/jornaloalvorada.com.br\/site\/wp-json\/wp\/v2\/types\/post"}],"author":[{"embeddable":true,"href":"https:\/\/jornaloalvorada.com.br\/site\/wp-json\/wp\/v2\/users\/1"}],"replies":[{"embeddable":true,"href":"https:\/\/jornaloalvorada.com.br\/site\/wp-json\/wp\/v2\/comments?post=7384"}],"version-history":[{"count":1,"href":"https:\/\/jornaloalvorada.com.br\/site\/wp-json\/wp\/v2\/posts\/7384\/revisions"}],"predecessor-version":[{"id":7386,"href":"https:\/\/jornaloalvorada.com.br\/site\/wp-json\/wp\/v2\/posts\/7384\/revisions\/7386"}],"wp:featuredmedia":[{"embeddable":true,"href":"https:\/\/jornaloalvorada.com.br\/site\/wp-json\/wp\/v2\/media\/7385"}],"wp:attachment":[{"href":"https:\/\/jornaloalvorada.com.br\/site\/wp-json\/wp\/v2\/media?parent=7384"}],"wp:term":[{"taxonomy":"category","embeddable":true,"href":"https:\/\/jornaloalvorada.com.br\/site\/wp-json\/wp\/v2\/categories?post=7384"},{"taxonomy":"post_tag","embeddable":true,"href":"https:\/\/jornaloalvorada.com.br\/site\/wp-json\/wp\/v2\/tags?post=7384"}],"curies":[{"name":"wp","href":"https:\/\/api.w.org\/{rel}","templated":true}]}}