{"id":7373,"date":"2024-09-10T08:12:37","date_gmt":"2024-09-10T12:12:37","guid":{"rendered":"https:\/\/jornaloalvorada.com.br\/site\/?p=7373"},"modified":"2024-09-10T08:12:39","modified_gmt":"2024-09-10T12:12:39","slug":"com-previsao-de-sol-e-tempo-firme-nesta-terca-feira-ceu-segue-acinzentado-em-mato-grosso-do-sul","status":"publish","type":"post","link":"https:\/\/jornaloalvorada.com.br\/site\/2024\/09\/10\/com-previsao-de-sol-e-tempo-firme-nesta-terca-feira-ceu-segue-acinzentado-em-mato-grosso-do-sul\/","title":{"rendered":"Com previs\u00e3o de sol e tempo firme nesta ter\u00e7a-feira, c\u00e9u segue acinzentado em Mato Grosso do Sul"},"content":{"rendered":"\n<p>Para esta ter\u00e7a-feira (10), a previs\u00e3o indica continuidade do tempo firme, com sol e poucas nuvens em Mato Grosso do Sul. De acordo com o Cemtec (Centro de Monitoramento do Tempo e do Clima), o c\u00e9u dever\u00e1 permanecer acinzentado devido ao elevado n\u00famero de inc\u00eandios florestais na regi\u00e3o Amaz\u00f4nica e em outros biomas brasileiros, al\u00e9m de inc\u00eandios florestais em outros estados e pa\u00edses vizinhos.<\/p>\n\n\n\n<p>Durante o per\u00edodo da tarde, a umidade relativa do ar fica muito baixa, em torno de 5% e 20%, por isso, recomenda-se beber bastante l\u00edquido, evitar exposi\u00e7\u00e3o ao sol nos hor\u00e1rios mais quentes e secos e umidificar os ambientes. Ainda, a popula\u00e7\u00e3o n\u00e3o deve atear fogo em nenhuma situa\u00e7\u00e3o, pois \u00e9 crime ambiental.<\/p>\n\n\n\n<p>A m\u00ednima prevista em Campo Grande \u00e9 de 24\u00b0C e a m\u00e1xima de 36\u00b0C. Os term\u00f4metros em Dourados marcam 19\u00b0C inicialmente e chegam aos 38\u00b0C ao longo do dia. Nas regi\u00f5es Cone-Sul e leste, Iguatemi e Anauril\u00e2ndia apresentam valores semelhantes, entre 21\u00b0C e 37\u00b0C.<\/p>\n\n\n\n<p>Na regi\u00e3o do Bols\u00e3o, Parana\u00edba tem m\u00ednima de 19\u00b0C e m\u00e1xima de 37\u00b0C, j\u00e1 Tr\u00eas Lagoas amanhece com 20\u00b0C e registra 37\u00b0C \u00e0 tarde. Em Coxim, no norte, as temperaturas iniciam aos 19\u00b0C e sobem at\u00e9 38\u00b0C.<\/p>\n\n\n\n<p>Em Corumb\u00e1, no Pantanal, a m\u00ednima \u00e9 de 24\u00b0C e a m\u00e1xima de 38\u00b0C; Aquidauana, na mesma regi\u00e3o, apresenta varia\u00e7\u00e3o entre 22\u00b0C e 39\u00b0C. No sudoeste do Estado, o valor mais alto do dia \u00e9 registrado no munic\u00edpio de Porto Murtinho, com m\u00ednima de 23\u00b0C e m\u00e1xima de 40\u00b0C.<\/p>\n\n\n\n<figure class=\"wp-block-image\"><a href=\"https:\/\/agenciadenoticias.ms.gov.br\/wp-content\/uploads\/2024\/09\/Mapa-Previsao-10-09-24.jpeg\"><img decoding=\"async\" src=\"https:\/\/agenciadenoticias.ms.gov.br\/wp-content\/uploads\/2024\/09\/Mapa-Previsao-10-09-24-1024x724.jpeg\" alt=\"\"\/><\/a><\/figure>\n\n\n\n<p><em>Heloisa Duim, Programa de Est\u00e1gio Supervisionado<\/em><br><em>Foto: \u00c1lvaro Rezende<\/em><\/p>\n","protected":false},"excerpt":{"rendered":"<p>Para esta ter\u00e7a-feira (10), a previs\u00e3o indica continuidade do tempo firme, com sol e poucas nuvens em Mato Grosso do<\/p>\n","protected":false},"author":1,"featured_media":6484,"comment_status":"open","ping_status":"open","sticky":false,"template":"","format":"standard","meta":{"footnotes":""},"categories":[2],"tags":[],"class_list":["post-7373","post","type-post","status-publish","format-standard","has-post-thumbnail","hentry","category-noticias"],"_links":{"self":[{"href":"https:\/\/jornaloalvorada.com.br\/site\/wp-json\/wp\/v2\/posts\/7373","targetHints":{"allow":["GET"]}}],"collection":[{"href":"https:\/\/jornaloalvorada.com.br\/site\/wp-json\/wp\/v2\/posts"}],"about":[{"href":"https:\/\/jornaloalvorada.com.br\/site\/wp-json\/wp\/v2\/types\/post"}],"author":[{"embeddable":true,"href":"https:\/\/jornaloalvorada.com.br\/site\/wp-json\/wp\/v2\/users\/1"}],"replies":[{"embeddable":true,"href":"https:\/\/jornaloalvorada.com.br\/site\/wp-json\/wp\/v2\/comments?post=7373"}],"version-history":[{"count":1,"href":"https:\/\/jornaloalvorada.com.br\/site\/wp-json\/wp\/v2\/posts\/7373\/revisions"}],"predecessor-version":[{"id":7374,"href":"https:\/\/jornaloalvorada.com.br\/site\/wp-json\/wp\/v2\/posts\/7373\/revisions\/7374"}],"wp:featuredmedia":[{"embeddable":true,"href":"https:\/\/jornaloalvorada.com.br\/site\/wp-json\/wp\/v2\/media\/6484"}],"wp:attachment":[{"href":"https:\/\/jornaloalvorada.com.br\/site\/wp-json\/wp\/v2\/media?parent=7373"}],"wp:term":[{"taxonomy":"category","embeddable":true,"href":"https:\/\/jornaloalvorada.com.br\/site\/wp-json\/wp\/v2\/categories?post=7373"},{"taxonomy":"post_tag","embeddable":true,"href":"https:\/\/jornaloalvorada.com.br\/site\/wp-json\/wp\/v2\/tags?post=7373"}],"curies":[{"name":"wp","href":"https:\/\/api.w.org\/{rel}","templated":true}]}}