{"id":7338,"date":"2024-09-05T12:06:00","date_gmt":"2024-09-05T16:06:00","guid":{"rendered":"https:\/\/jornaloalvorada.com.br\/site\/?p=7338"},"modified":"2024-09-05T15:08:39","modified_gmt":"2024-09-05T19:08:39","slug":"mato-grosso-do-sul-registra-aumento-no-volume-de-empresas-abertas-em-2024-com-destaque-para-o-setor-de-servicos","status":"publish","type":"post","link":"https:\/\/jornaloalvorada.com.br\/site\/2024\/09\/05\/mato-grosso-do-sul-registra-aumento-no-volume-de-empresas-abertas-em-2024-com-destaque-para-o-setor-de-servicos\/","title":{"rendered":"Mato Grosso do Sul registra aumento no volume de empresas abertas em 2024, com destaque para o setor de Servi\u00e7os"},"content":{"rendered":"\n<p>Mato Grosso do Sul registrou a abertura de 7.706 empresas neste ano, sendo 913 apenas em agosto. O volume \u00e9 9,16% superior ao mesmo per\u00edodo do ano passado, quando o Estado contabilizava 7.059 registros.&nbsp; Os n\u00fameros foram divulgados pela Junta Comercial de Mato Grosso do Sul (Jucems).<\/p>\n\n\n\n<p>Com base no relat\u00f3rio, o setor de servi\u00e7os lidera o resultado, com 5.480 estabelecimentos neste ano, seguido pelo com\u00e9rcio com 1.927 e ind\u00fastria com 299 empresas. No m\u00eas de agosto foram 652 empresas de servi\u00e7os, 229 de com\u00e9rcio e 32 na ind\u00fastria.<\/p>\n\n\n\n<p>Entre os munic\u00edpios Campo Grande lidera a constitui\u00e7\u00e3o de firmas com 4.344 registros no ano, seguido por Dourados com 893, Tr\u00eas Lagoas com 382 e Ponta Por\u00e3 com 197.<br>J\u00e1 os fechamentos de empresas somaram 548 em agosto, com maior volume na Capital do Estado.<\/p>\n\n\n\n<p>Na avalia\u00e7\u00e3o do diretor-presidente da Jucems, Nivaldo Domingos, o volume de registros mensais tem mantido um ritmo est\u00e1vel. &#8220;Tivemos 913 novos empreendimentos, constitui\u00e7\u00f5es de empresas neste m\u00eas de agosto, o que \u00e9 bastante favor\u00e1vel, mantendo a proporcionalidade de extin\u00e7\u00f5es, o que para a gente \u00e9 satisfat\u00f3rio. Isso comprova que a pol\u00edtica econ\u00f4mica, que o n\u00famero de empresas mant\u00e9m-se em crescimento no Estado&#8221;, salienta Domingos.<\/p>\n\n\n\n<p>Ele destaca ainda que o desempenho est\u00e1 relacionado ao crescimento do PIB com o n\u00famero de prestadoras de servi\u00e7o registrado. &#8220;O setor corresponde a 71,11% dos registros efetuados. O com\u00e9rcio mant\u00e9m-se est\u00e1vel com 25,01% e a ind\u00fastria com 3,88%&#8221;, complementa.<\/p>\n\n\n\n<p>&#8220;\u00c9 com satisfa\u00e7\u00e3o que a Jucems continua colaborando, aprimorando com capacita\u00e7\u00f5es, treinamentos e investindo em tecnologia para melhor atender ao nosso p\u00fablico empresarial&#8221;, concluiu o presidente da entidade.<\/p>\n\n\n\n<p><em>Rosana Siqueira, Comunica\u00e7\u00e3o Semadesc<br>Foto: \u00c1lvaro Rezende<\/em><\/p>\n","protected":false},"excerpt":{"rendered":"<p>Mato Grosso do Sul registrou a abertura de 7.706 empresas neste ano, sendo 913 apenas em agosto. O volume \u00e9<\/p>\n","protected":false},"author":1,"featured_media":7339,"comment_status":"open","ping_status":"open","sticky":false,"template":"","format":"standard","meta":{"footnotes":""},"categories":[2],"tags":[],"class_list":["post-7338","post","type-post","status-publish","format-standard","has-post-thumbnail","hentry","category-noticias"],"_links":{"self":[{"href":"https:\/\/jornaloalvorada.com.br\/site\/wp-json\/wp\/v2\/posts\/7338","targetHints":{"allow":["GET"]}}],"collection":[{"href":"https:\/\/jornaloalvorada.com.br\/site\/wp-json\/wp\/v2\/posts"}],"about":[{"href":"https:\/\/jornaloalvorada.com.br\/site\/wp-json\/wp\/v2\/types\/post"}],"author":[{"embeddable":true,"href":"https:\/\/jornaloalvorada.com.br\/site\/wp-json\/wp\/v2\/users\/1"}],"replies":[{"embeddable":true,"href":"https:\/\/jornaloalvorada.com.br\/site\/wp-json\/wp\/v2\/comments?post=7338"}],"version-history":[{"count":1,"href":"https:\/\/jornaloalvorada.com.br\/site\/wp-json\/wp\/v2\/posts\/7338\/revisions"}],"predecessor-version":[{"id":7340,"href":"https:\/\/jornaloalvorada.com.br\/site\/wp-json\/wp\/v2\/posts\/7338\/revisions\/7340"}],"wp:featuredmedia":[{"embeddable":true,"href":"https:\/\/jornaloalvorada.com.br\/site\/wp-json\/wp\/v2\/media\/7339"}],"wp:attachment":[{"href":"https:\/\/jornaloalvorada.com.br\/site\/wp-json\/wp\/v2\/media?parent=7338"}],"wp:term":[{"taxonomy":"category","embeddable":true,"href":"https:\/\/jornaloalvorada.com.br\/site\/wp-json\/wp\/v2\/categories?post=7338"},{"taxonomy":"post_tag","embeddable":true,"href":"https:\/\/jornaloalvorada.com.br\/site\/wp-json\/wp\/v2\/tags?post=7338"}],"curies":[{"name":"wp","href":"https:\/\/api.w.org\/{rel}","templated":true}]}}