{"id":7333,"date":"2024-09-05T14:56:13","date_gmt":"2024-09-05T18:56:13","guid":{"rendered":"https:\/\/jornaloalvorada.com.br\/site\/?p=7333"},"modified":"2024-09-05T14:56:16","modified_gmt":"2024-09-05T18:56:16","slug":"reprovacao-ao-governo-lula-aumenta-novamente-segundo-pesquisa-do-ibespe","status":"publish","type":"post","link":"https:\/\/jornaloalvorada.com.br\/site\/2024\/09\/05\/reprovacao-ao-governo-lula-aumenta-novamente-segundo-pesquisa-do-ibespe\/","title":{"rendered":"Reprova\u00e7\u00e3o ao governo Lula aumenta novamente, segundo pesquisa do Ibespe"},"content":{"rendered":"\n<p>O n\u00edvel de reprova\u00e7\u00e3o do governo Lula voltou a subir em setembro em compara\u00e7\u00e3o com o m\u00eas de junho.<\/p>\n\n\n\n<p>Segundo a pesquisa realizada pelo&nbsp;<strong>Instituto de Planejamento Estrat\u00e9gico \u2013<\/strong>&nbsp;<strong>Ibespe<\/strong>, e divulgada nesta quarta-feira, 4, a reprova\u00e7\u00e3o do&nbsp;<strong>Executivo<\/strong>&nbsp;chegou em 43,4%, em alta em rela\u00e7\u00e3o a junho, quando foi de 41,0%.<\/p>\n\n\n\n<p><img decoding=\"async\" src=\"https:\/\/medias.revistaoeste.com\/qa-staging\/wp-content\/uploads\/2024\/09\/WhatsApp-Image-2024-09-05-at-00.02.44.jpeg.webp\" alt=\"\" width=\"100%\">Reprova\u00e7\u00e3o do governo Lula volta a subir, mostra pesquisa do Ibespe<\/p>\n\n\n\n<p>Por outro lado, o n\u00edvel de aprova\u00e7\u00e3o do governo diminuiu, passando de 34,1% para 33,2% no mesmo per\u00edodo. H\u00e1 um ano a aprova\u00e7\u00e3o do&nbsp;<strong>Executivo&nbsp;<\/strong>estava em 37,7%.<\/p>\n\n\n\n<p>Do total de entrevistados, 36,3% tem uma avalia\u00e7\u00e3o p\u00e9ssima do governo, 7,1% ruim, 18,3% regular, 13,6% boa e 19,6% \u00f3tima.<\/p>\n\n\n\n<figure class=\"wp-block-image\"><img decoding=\"async\" src=\"https:\/\/medias.revistaoeste.com\/qa-staging\/wp-content\/uploads\/2024\/09\/WhatsApp-Image-2024-09-05-at-00.02.45.jpeg.webp\" alt=\"\"\/><\/figure>\n\n\n\n<h2 class=\"wp-block-heading\">Lula \u00e9 mais reprovado no Sul e entre os homens com educa\u00e7\u00e3o superior<\/h2>\n\n\n\n<p>As maiores taxas de reprova\u00e7\u00e3o est\u00e3o concentradas nas regi\u00f5es&nbsp;<strong>Sul<\/strong>,&nbsp;<strong>Sudeste&nbsp;<\/strong>e&nbsp;<strong>Centro-Oeste&nbsp;<\/strong>do pa\u00eds. Enquanto as maiores taxas de aprova\u00e7\u00e3o est\u00e3o concentradas nas regi\u00f5es&nbsp;<strong>Nordeste&nbsp;<\/strong>e&nbsp;<strong>Norte<\/strong>.<\/p>\n\n\n\n<p>Na regi\u00e3o sul, castigada pelas enchentes do&nbsp;<strong>Rio Grande do Sul<\/strong>, o n\u00edvel de reprova\u00e7\u00e3o foi o mais alto de todo o pa\u00eds, chegando em 61%.<\/p>\n\n\n\n<figure class=\"wp-block-image\"><img decoding=\"async\" src=\"https:\/\/medias.revistaoeste.com\/qa-staging\/wp-content\/uploads\/2024\/09\/WhatsApp-Image-2024-09-05-at-00.02.44-1.jpeg.webp\" alt=\"\"\/><\/figure>\n\n\n\n<p>Entre as categorias que mais desaprovam o governo est\u00e3o os homens, com 45,8% de desaprova\u00e7\u00e3o, de idade entre 35 a 44 anos, com 53,3%, e com ensino superior, com 56,9% de reprova\u00e7\u00e3o, e evang\u00e9licos, com 55,3% de reprova\u00e7\u00e3o.<\/p>\n\n\n\n<p>A reprova\u00e7\u00e3o tamb\u00e9m sobe entre os brasileiros que se informam via redes sociais, com 50,7%, e pelo portal de not\u00edcias na&nbsp;<strong>internet<\/strong>, com 51,7%.<\/p>\n\n\n\n<p>Ao contr\u00e1rio, a aprova\u00e7\u00e3o do governo&nbsp;<strong>Lula&nbsp;<\/strong>\u00e9 m\u00e1xima entre os quem se informam por r\u00e1dio, com 45,6%, por jornal impresso, com 43,3% e pela TV, com 41,3%.<\/p>\n\n\n\n<p>A pesquisa do&nbsp;<strong>Ibespe&nbsp;<\/strong>ouviu 1.024 pessoas no dia 1 de setembro de 2024.<\/p>\n\n\n\n<p><strong><em>Revista Oeste\u00a0<\/em><\/strong><\/p>\n","protected":false},"excerpt":{"rendered":"<p>O n\u00edvel de reprova\u00e7\u00e3o do governo Lula voltou a subir em setembro em compara\u00e7\u00e3o com o m\u00eas de junho. Segundo<\/p>\n","protected":false},"author":1,"featured_media":6232,"comment_status":"open","ping_status":"open","sticky":false,"template":"","format":"standard","meta":{"footnotes":""},"categories":[2],"tags":[],"class_list":["post-7333","post","type-post","status-publish","format-standard","has-post-thumbnail","hentry","category-noticias"],"_links":{"self":[{"href":"https:\/\/jornaloalvorada.com.br\/site\/wp-json\/wp\/v2\/posts\/7333","targetHints":{"allow":["GET"]}}],"collection":[{"href":"https:\/\/jornaloalvorada.com.br\/site\/wp-json\/wp\/v2\/posts"}],"about":[{"href":"https:\/\/jornaloalvorada.com.br\/site\/wp-json\/wp\/v2\/types\/post"}],"author":[{"embeddable":true,"href":"https:\/\/jornaloalvorada.com.br\/site\/wp-json\/wp\/v2\/users\/1"}],"replies":[{"embeddable":true,"href":"https:\/\/jornaloalvorada.com.br\/site\/wp-json\/wp\/v2\/comments?post=7333"}],"version-history":[{"count":1,"href":"https:\/\/jornaloalvorada.com.br\/site\/wp-json\/wp\/v2\/posts\/7333\/revisions"}],"predecessor-version":[{"id":7334,"href":"https:\/\/jornaloalvorada.com.br\/site\/wp-json\/wp\/v2\/posts\/7333\/revisions\/7334"}],"wp:featuredmedia":[{"embeddable":true,"href":"https:\/\/jornaloalvorada.com.br\/site\/wp-json\/wp\/v2\/media\/6232"}],"wp:attachment":[{"href":"https:\/\/jornaloalvorada.com.br\/site\/wp-json\/wp\/v2\/media?parent=7333"}],"wp:term":[{"taxonomy":"category","embeddable":true,"href":"https:\/\/jornaloalvorada.com.br\/site\/wp-json\/wp\/v2\/categories?post=7333"},{"taxonomy":"post_tag","embeddable":true,"href":"https:\/\/jornaloalvorada.com.br\/site\/wp-json\/wp\/v2\/tags?post=7333"}],"curies":[{"name":"wp","href":"https:\/\/api.w.org\/{rel}","templated":true}]}}