{"id":7326,"date":"2024-09-04T15:04:11","date_gmt":"2024-09-04T19:04:11","guid":{"rendered":"https:\/\/jornaloalvorada.com.br\/site\/?p=7326"},"modified":"2024-09-04T15:04:14","modified_gmt":"2024-09-04T19:04:14","slug":"governo-de-ms-abre-concurso-com-123-vagas-na-agraer-e-salarios-que-passam-de-r-7-mil","status":"publish","type":"post","link":"https:\/\/jornaloalvorada.com.br\/site\/2024\/09\/04\/governo-de-ms-abre-concurso-com-123-vagas-na-agraer-e-salarios-que-passam-de-r-7-mil\/","title":{"rendered":"Governo de MS abre concurso com 123 vagas na Agraer e sal\u00e1rios que passam de R$ 7 mil"},"content":{"rendered":"\n<p>A SAD (Secretaria de Estado de Administra\u00e7\u00e3o) e a Semadesc (Secretaria de Estado de Meio Ambiente, Desenvolvimento, Ci\u00eancia, Tecnologia e Inova\u00e7\u00e3o), atrav\u00e9s da Agraer (Ag\u00eancia de Desenvolvimento Agr\u00e1rio e Extens\u00e3o Rural), publicaram nesta quarta-feira (4) o edital anunciando a abertura do processo seletivo simplificado destinado \u00e0 sele\u00e7\u00e3o de pessoal para atua\u00e7\u00e3o na Agraer, em diversos munic\u00edpios de Mato Grosso do Sul.<\/p>\n\n\n\n<p>O documento consta no Di\u00e1rio Oficial do Estado, no edital n. 1\/2024 \u2013 SAD\/SEMADESC\/AGRAER, e confirma o certame voltado para a&nbsp;contrata\u00e7\u00e3o de 123&nbsp;profissionais com forma\u00e7\u00e3o de n\u00edvel m\u00e9dio e superior.<\/p>\n\n\n\n<p>S\u00e3o cinco vagas para Pesquisador, distribu\u00eddas nas \u00e1reas de Medicina Veterin\u00e1ria, Biologia e Zootecnia, com remunera\u00e7\u00e3o de R$ 7.248.47, e exig\u00eancia de mestrado nas \u00e1reas de pesquisa. Para Gestor S\u00f3cio Organizacional Rural s\u00e3o sete vagas partilhadas nas \u00e1reas de Biblioteconomia e Servi\u00e7o Social e remunera\u00e7\u00e3o de R$ 7.248.47.<\/p>\n\n\n\n<p>T\u00e9cnico de Desenvolvimento Rural oferece 79 vagas para as \u00e1reas de T\u00e9cnico Agr\u00edcola\/Agropecu\u00e1rio, T\u00e9cnico Laborat\u00f3rio e Agr\u00edcola\/Agropecu\u00e1rio com \u00eanfase em Topografia e remunera\u00e7\u00e3o de R$ 3.158,81. Por fim, Agente de Servi\u00e7o S\u00f3cio Organizacional, exigindo apenas Ensino M\u00e9dio e Carteira Nacional de Habilita\u00e7\u00e3o (CNH) categoria B, apresenta 32 vagas e remunera\u00e7\u00e3o de R$ 3.158,81.<\/p>\n\n\n\n<p>Todos os cargos s\u00e3o para jornada de 40 horas semanais. Das vagas destinadas a pessoa com defici\u00eancia (PcD), ao negro e ao ind\u00edgena s\u00e3o reservados 5% para pessoas PcDs, 20% para negros, e 3% para ind\u00edgenas.<\/p>\n\n\n\n<p>As inscri\u00e7\u00f5es j\u00e1 est\u00e3o abertas e se encerram no dia 23 de setembro de 2024, \u00e0s 17h. O candidato pode realizar a inscri\u00e7\u00e3o pelos sites&nbsp;<a href=\"http:\/\/www.spdo.ms.gov\/\">www.spdo.ms.gov<\/a>. br e&nbsp;<a href=\"http:\/\/www.concursos.ms.gov.br\/\">www.concursos.ms.gov.br<\/a>.<\/p>\n\n\n\n<figure class=\"wp-block-image\"><a href=\"https:\/\/agenciadenoticias.ms.gov.br\/wp-content\/uploads\/2024\/09\/WhatsApp-Image-2024-09-04-at-09.54.52.jpeg\"><img decoding=\"async\" src=\"https:\/\/agenciadenoticias.ms.gov.br\/wp-content\/uploads\/2024\/09\/WhatsApp-Image-2024-09-04-at-09.54.52-1024x567.jpeg\" alt=\"\"\/><\/a><\/figure>\n\n\n\n<p><em>Giovanna Montoso, Programa de Est\u00e1gio Supervisionado<\/em><br><em>Fotos: Agraer\/Semadesc<\/em><\/p>\n","protected":false},"excerpt":{"rendered":"<p>A SAD (Secretaria de Estado de Administra\u00e7\u00e3o) e a Semadesc (Secretaria de Estado de Meio Ambiente, Desenvolvimento, Ci\u00eancia, Tecnologia e<\/p>\n","protected":false},"author":1,"featured_media":7327,"comment_status":"open","ping_status":"open","sticky":false,"template":"","format":"standard","meta":{"footnotes":""},"categories":[2],"tags":[],"class_list":["post-7326","post","type-post","status-publish","format-standard","has-post-thumbnail","hentry","category-noticias"],"_links":{"self":[{"href":"https:\/\/jornaloalvorada.com.br\/site\/wp-json\/wp\/v2\/posts\/7326","targetHints":{"allow":["GET"]}}],"collection":[{"href":"https:\/\/jornaloalvorada.com.br\/site\/wp-json\/wp\/v2\/posts"}],"about":[{"href":"https:\/\/jornaloalvorada.com.br\/site\/wp-json\/wp\/v2\/types\/post"}],"author":[{"embeddable":true,"href":"https:\/\/jornaloalvorada.com.br\/site\/wp-json\/wp\/v2\/users\/1"}],"replies":[{"embeddable":true,"href":"https:\/\/jornaloalvorada.com.br\/site\/wp-json\/wp\/v2\/comments?post=7326"}],"version-history":[{"count":1,"href":"https:\/\/jornaloalvorada.com.br\/site\/wp-json\/wp\/v2\/posts\/7326\/revisions"}],"predecessor-version":[{"id":7328,"href":"https:\/\/jornaloalvorada.com.br\/site\/wp-json\/wp\/v2\/posts\/7326\/revisions\/7328"}],"wp:featuredmedia":[{"embeddable":true,"href":"https:\/\/jornaloalvorada.com.br\/site\/wp-json\/wp\/v2\/media\/7327"}],"wp:attachment":[{"href":"https:\/\/jornaloalvorada.com.br\/site\/wp-json\/wp\/v2\/media?parent=7326"}],"wp:term":[{"taxonomy":"category","embeddable":true,"href":"https:\/\/jornaloalvorada.com.br\/site\/wp-json\/wp\/v2\/categories?post=7326"},{"taxonomy":"post_tag","embeddable":true,"href":"https:\/\/jornaloalvorada.com.br\/site\/wp-json\/wp\/v2\/tags?post=7326"}],"curies":[{"name":"wp","href":"https:\/\/api.w.org\/{rel}","templated":true}]}}