{"id":7320,"date":"2024-09-04T15:00:23","date_gmt":"2024-09-04T19:00:23","guid":{"rendered":"https:\/\/jornaloalvorada.com.br\/site\/?p=7320"},"modified":"2024-09-04T15:00:25","modified_gmt":"2024-09-04T19:00:25","slug":"musk-chama-moraes-de-canalha-por-ofensivas-contra-o-x-em-2023","status":"publish","type":"post","link":"https:\/\/jornaloalvorada.com.br\/site\/2024\/09\/04\/musk-chama-moraes-de-canalha-por-ofensivas-contra-o-x-em-2023\/","title":{"rendered":"Musk chama Moraes de \u201ccanalha\u201d por ofensivas contra o X em 2023"},"content":{"rendered":"\n<p>O dono do X (ex-Twitter), Elon Musk, chamou o ministro do <a href=\"https:\/\/portal.stf.jus.br\/\" target=\"_blank\" rel=\"noreferrer noopener\">STF<\/a> (Supremo Tribunal Federal) Alexandre de Moraes de <em>\u201ccanalha\u201d<\/em> nesta 4\u00aa feira (4.set.2024). O empres\u00e1rio compartilhou uma reportagem do <strong>Poder360<\/strong> sobre o magistrado ter <a href=\"https:\/\/www.poder360.com.br\/poder-justica\/moraes-mandou-fazer-relatorios-e-endurecer-acoes-contra-o-x-em-2023\/\" target=\"_blank\" rel=\"noreferrer noopener\">mandado<\/a> fazer relat\u00f3rios e endurecer a\u00e7\u00f5es contra a rede social em 2023.<\/p>\n\n\n\n<p>Conversas entre Marco Ant\u00f4nio Vargas, juiz auxiliar do ministro no TSE (Tribunal Superior Eleitoral), e integrantes da AEED (Assessoria Especial de Enfrentamento \u00e0 Desinforma\u00e7\u00e3o) da Justi\u00e7a Eleitoral, mostraram que Moraes ordenou a elabora\u00e7\u00e3o de relat\u00f3rios e disse que aplicaria san\u00e7\u00f5es \u00e0 plataforma. As conversas fazem parte das mensagens obtidas pela <em>Folha de S.Paulo.&nbsp;<\/em><\/p>\n\n\n\n<p><em>\u201cQue canalha\u201d,<\/em> declarou Musk em seu perfil no X ao compartilhar publica\u00e7\u00e3o com a reportagem sobre Moraes.<\/p>\n\n\n\n<figure class=\"wp-block-image\"><img decoding=\"async\" src=\"https:\/\/static.poder360.com.br\/2024\/09\/musk-chama-moraes-de-canalha-4set2024.png\" alt=\"\"\/><\/figure>\n\n\n\n<p>O X foi <a href=\"https:\/\/www.poder360.com.br\/poder-justica\/x-sai-do-ar-no-brasil\/\" target=\"_blank\" rel=\"noreferrer noopener\">suspenso<\/a> do Brasil no s\u00e1bado (31.ago) ap\u00f3s Musk descumprir a <a href=\"https:\/\/www.poder360.com.br\/poder-justica\/alexandre-de-moraes-intima-elon-musk-e-ameaca-tirar-x-do-ar\/\" target=\"_blank\" rel=\"noreferrer noopener\">ordem<\/a> de Moraes que determinava que a rede social identificasse um representante legal no Brasil em at\u00e9 24 horas.<\/p>\n\n\n\n<h2 class=\"wp-block-heading\"><strong>ENTENDA O CASO MUSK X MORAES<\/strong><\/h2>\n\n\n\n<p>O embate entre o empres\u00e1rio e o ministro intensificou desde 17 de agosto, quando o <a href=\"https:\/\/x.com\/GlobalAffairs\" target=\"_blank\" rel=\"noreferrer noopener\">perfil<\/a>&nbsp;de Rela\u00e7\u00f5es Governamentais Globais do X&nbsp;<a href=\"https:\/\/x.com\/GlobalAffairs\/status\/1824819053061669244\" target=\"_blank\" rel=\"noreferrer noopener\">anunciou<\/a> que fecharia seu escrit\u00f3rio no Brasil, mas que a rede social continuaria dispon\u00edvel para os brasileiros. Na publica\u00e7\u00e3o, a empresa disse que a medida foi tomada por causa de decis\u00f5es de Moraes.<\/p>\n\n\n\n<p>O documento faz parte de um processo sob sigilo. \u00c9 poss\u00edvel ler que Moraes pediu o bloqueio de perfis que publicaram mensagens <em>\u201cantidemocr\u00e1ticas\u201d<\/em> ou com teor de \u00f3dio contra autoridades \u2013n\u00e3o fica claro o que teria configurado infra\u00e7\u00e3o \u00e0s leis brasileiras.<\/p>\n\n\n\n<p>A empresa de Musk, no entanto, n\u00e3o cumpriu as ordens. O ministro do STF, ent\u00e3o, elevou a multa e deu 24 horas para o bloqueio da rede, sob pena de decreto de pris\u00e3o por desobedi\u00eancia \u00e0 determina\u00e7\u00e3o judicial.<\/p>\n\n\n\n<p>Em 28 de agosto, Moraes determinou que a empresa identificasse um representante legal no Brasil em at\u00e9 24 horas sob pena de ter o funcionamento suspenso em todo o pa\u00eds. A decis\u00e3o n\u00e3o foi cumprida.<\/p>\n\n\n\n<p>Na 6\u00aa feira (30.ago), Moraes determinou a suspens\u00e3o do X no Brasil.&nbsp;Eis a&nbsp;<a href=\"https:\/\/static.poder360.com.br\/2024\/08\/decisao-moraes-suspende-X.pdf\" target=\"_blank\" rel=\"noreferrer noopener\">\u00edntegra<\/a> da decis\u00e3o (PDF \u2013 374 kB).&nbsp;Na 2\u00aa feira (2.set), a 1\u00aa Turma do Supremo, presidida por Moraes, <a href=\"https:\/\/www.poder360.com.br\/poder-justica\/1a-turma-do-stf-forma-maioria-para-manter-suspensao-do-x\/\" target=\"_blank\" rel=\"noreferrer noopener\">manteve<\/a> por unanimidade a decis\u00e3o. Com o fim do julgamento, o bloqueio da rede segue mantido no Brasil.<\/p>\n\n\n\n<p>No mesmo dia, o partido Novo apresentou uma a\u00e7\u00e3o na Corte, alegando que a decis\u00e3o de Moraes viola a liberdade de express\u00e3o. O relator da a\u00e7\u00e3o <a href=\"https:\/\/www.poder360.com.br\/poder-justica\/nunes-marques-sera-o-relator-de-acao-contra-a-suspensao-do-x\/\" target=\"_blank\" rel=\"noreferrer noopener\">ser\u00e1<\/a> o ministro Nunes Marques, indicado pelo ex-presidente <a href=\"https:\/\/monitor.poder360.com.br\/politicos-do-brasil\/630212\/JAIR-BOLSONARO?ano=2022\" target=\"_blank\" rel=\"noreferrer noopener\">Jair Bolsonaro<\/a> (PL), cr\u00edtico de Moraes e contr\u00e1rio \u00e0 suspens\u00e3o do X.<\/p>\n\n\n\n<p>Agora, Nunes Marques tem a possibilidade de suspender a decis\u00e3o e determinar a volta das atividades da rede social no pa\u00eds.<\/p>\n\n\n\n<p><strong><em>Fonte: Poder360<\/em><\/strong><\/p>\n","protected":false},"excerpt":{"rendered":"<p>O dono do X (ex-Twitter), Elon Musk, chamou o ministro do STF (Supremo Tribunal Federal) Alexandre de Moraes de \u201ccanalha\u201d<\/p>\n","protected":false},"author":1,"featured_media":7321,"comment_status":"open","ping_status":"open","sticky":false,"template":"","format":"standard","meta":{"footnotes":""},"categories":[2],"tags":[],"class_list":["post-7320","post","type-post","status-publish","format-standard","has-post-thumbnail","hentry","category-noticias"],"_links":{"self":[{"href":"https:\/\/jornaloalvorada.com.br\/site\/wp-json\/wp\/v2\/posts\/7320","targetHints":{"allow":["GET"]}}],"collection":[{"href":"https:\/\/jornaloalvorada.com.br\/site\/wp-json\/wp\/v2\/posts"}],"about":[{"href":"https:\/\/jornaloalvorada.com.br\/site\/wp-json\/wp\/v2\/types\/post"}],"author":[{"embeddable":true,"href":"https:\/\/jornaloalvorada.com.br\/site\/wp-json\/wp\/v2\/users\/1"}],"replies":[{"embeddable":true,"href":"https:\/\/jornaloalvorada.com.br\/site\/wp-json\/wp\/v2\/comments?post=7320"}],"version-history":[{"count":1,"href":"https:\/\/jornaloalvorada.com.br\/site\/wp-json\/wp\/v2\/posts\/7320\/revisions"}],"predecessor-version":[{"id":7322,"href":"https:\/\/jornaloalvorada.com.br\/site\/wp-json\/wp\/v2\/posts\/7320\/revisions\/7322"}],"wp:featuredmedia":[{"embeddable":true,"href":"https:\/\/jornaloalvorada.com.br\/site\/wp-json\/wp\/v2\/media\/7321"}],"wp:attachment":[{"href":"https:\/\/jornaloalvorada.com.br\/site\/wp-json\/wp\/v2\/media?parent=7320"}],"wp:term":[{"taxonomy":"category","embeddable":true,"href":"https:\/\/jornaloalvorada.com.br\/site\/wp-json\/wp\/v2\/categories?post=7320"},{"taxonomy":"post_tag","embeddable":true,"href":"https:\/\/jornaloalvorada.com.br\/site\/wp-json\/wp\/v2\/tags?post=7320"}],"curies":[{"name":"wp","href":"https:\/\/api.w.org\/{rel}","templated":true}]}}