{"id":7309,"date":"2024-09-03T15:29:09","date_gmt":"2024-09-03T19:29:09","guid":{"rendered":"https:\/\/jornaloalvorada.com.br\/site\/?p=7309"},"modified":"2024-09-03T15:29:12","modified_gmt":"2024-09-03T19:29:12","slug":"nova-lei-dos-retrovisores-fique-atento-as-novas-regras-de-transito","status":"publish","type":"post","link":"https:\/\/jornaloalvorada.com.br\/site\/2024\/09\/03\/nova-lei-dos-retrovisores-fique-atento-as-novas-regras-de-transito\/","title":{"rendered":"Nova lei dos retrovisores: Fique atento \u00e0s novas regras de tr\u00e2nsito"},"content":{"rendered":"\n<p>O Contran lan\u00e7ou, no in\u00edcio deste ano de 2024, uma nova lei no tr\u00e2nsito brasileiro que pegou muitos motoristas de surpresa: a <strong>nova lei dos retrovisores<\/strong>. A partir de agora, qualquer descuido com esses componentes pode ser doloroso tanto no bolso quanto na seguran\u00e7a.<\/p>\n\n\n\n<p>Desde janeiro deste ano, todos os carros populares vendidos no Brasil precisam cumprir novas regras de seguran\u00e7a, incluindo mudan\u00e7as significativas nos retrovisores. Essas novas leis foram criadas com o prop\u00f3sito de melhorar a visibilidade dos motoristas e eliminar os conhecidos pontos cegos. A exig\u00eancia \u00e9 v\u00e1lida para todos os ve\u00edculos, incluindo os escolares, que possuem requisitos ainda mais espec\u00edficos.<\/p>\n\n\n\n<h2 class=\"wp-block-heading\">O que muda com a nova lei dos retrovisores?<\/h2>\n\n\n\n<p>A resolu\u00e7\u00e3o do Contran determina que os retrovisores de ve\u00edculos escolares devem ser ajustados de modo que o motorista consiga visualizar tudo ao redor do ve\u00edculo, sem deixar nenhum \u00e2ngulo morto. A imagem exibida no retrovisor precisa ser adaptada \u00e0 altura das crian\u00e7as, que s\u00e3o mais baixas que os adultos, para garantir a seguran\u00e7a dos pequenos.<\/p>\n\n\n\n<p>A <strong>nova lei dos retrovisores<\/strong> tamb\u00e9m traz mudan\u00e7as para os consumidores em geral. Agora, os retrovisores dos ve\u00edculos devem ter uma \u00e1rea m\u00ednima de 69 cm\u00b2 e um espelho suficientemente grande para comportar um c\u00edrculo de 7,8 cm de di\u00e2metro. Estas especifica\u00e7\u00f5es visam aumentar a seguran\u00e7a e reduzir os riscos de acidentes.<\/p>\n\n\n\n<h2 class=\"wp-block-heading\">Quais s\u00e3o as penalidades para quem n\u00e3o cumprir a nova lei?<\/h2>\n\n\n\n<p>Dirigir sem retrovisor ou com ele quebrado \u00e9 considerado uma infra\u00e7\u00e3o grave pelo Detran. De acordo com a nova legisla\u00e7\u00e3o, o motorista flagrado nessas condi\u00e7\u00f5es dever\u00e1 pagar uma multa de R$ 195,23 e ainda perder cinco pontos na carteira de habilita\u00e7\u00e3o. Com as novas regras, a brincadeira de somar pontos na carteira ficou ainda mais perigosa. Atualmente, o limite \u00e9 de 40 pontos, mas existem v\u00e1rias condi\u00e7\u00f5es que podem complicar a vida do motorista.<\/p>\n\n\n\n<p>Portanto, a dica \u00e9 clara: antes de sair de casa, verifique seus retrovisores. A <strong>nova lei dos retrovisores<\/strong> n\u00e3o est\u00e1 para brincadeira, e o Detran cobrar\u00e1 a conta de quem vacilar. Seguran\u00e7a no tr\u00e2nsito n\u00e3o \u00e9 opcional, e essa medida chega para refor\u00e7ar isso de forma bem direta.<\/p>\n\n\n\n<h2 class=\"wp-block-heading\">Como ajustar corretamente os retrovisores?<\/h2>\n\n\n\n<p>Ajustar corretamente os retrovisores do seu ve\u00edculo pode parecer uma tarefa simples, mas \u00e9 essencial para garantir a seguran\u00e7a de todos os ocupantes e de terceiros. Aqui est\u00e3o algumas dicas para ajustar seus retrovisores de forma adequada:<\/p>\n\n\n\n<ul class=\"wp-block-list\">\n<li>Retrovisor central: Deve estar ajustado de forma que voc\u00ea consiga ver todo o vidro traseiro do seu carro.<\/li>\n\n\n\n<li>Retrovisores laterais: Ajuste-os de modo que voc\u00ea consiga ver uma pequena parte do lado do seu carro, enquanto o restante do espelho deve mostrar a estrada atr\u00e1s de voc\u00ea.<\/li>\n\n\n\n<li>Altura: Certifique-se de que os retrovisores estejam na altura correta, principalmente se outras pessoas dirigem o mesmo ve\u00edculo que voc\u00ea.<\/li>\n<\/ul>\n\n\n\n<p>Com esses passos simples, voc\u00ea poder\u00e1 garantir uma melhor visibilidade e reduzir o risco de acidentes.<\/p>\n\n\n\n<p>Lembre-se, a <strong>nova lei dos retrovisores<\/strong> n\u00e3o s\u00f3 ajuda a evitar multas, mas tamb\u00e9m protege vidas. A seguran\u00e7a no tr\u00e2nsito \u00e9 um compromisso de todos.<\/p>\n\n\n\n<p><strong><em>Fonte: Terra Brasil Not\u00edcias<\/em><\/strong><\/p>\n","protected":false},"excerpt":{"rendered":"<p>O Contran lan\u00e7ou, no in\u00edcio deste ano de 2024, uma nova lei no tr\u00e2nsito brasileiro que pegou muitos motoristas de<\/p>\n","protected":false},"author":1,"featured_media":7310,"comment_status":"open","ping_status":"open","sticky":false,"template":"","format":"standard","meta":{"footnotes":""},"categories":[2],"tags":[],"class_list":["post-7309","post","type-post","status-publish","format-standard","has-post-thumbnail","hentry","category-noticias"],"_links":{"self":[{"href":"https:\/\/jornaloalvorada.com.br\/site\/wp-json\/wp\/v2\/posts\/7309","targetHints":{"allow":["GET"]}}],"collection":[{"href":"https:\/\/jornaloalvorada.com.br\/site\/wp-json\/wp\/v2\/posts"}],"about":[{"href":"https:\/\/jornaloalvorada.com.br\/site\/wp-json\/wp\/v2\/types\/post"}],"author":[{"embeddable":true,"href":"https:\/\/jornaloalvorada.com.br\/site\/wp-json\/wp\/v2\/users\/1"}],"replies":[{"embeddable":true,"href":"https:\/\/jornaloalvorada.com.br\/site\/wp-json\/wp\/v2\/comments?post=7309"}],"version-history":[{"count":1,"href":"https:\/\/jornaloalvorada.com.br\/site\/wp-json\/wp\/v2\/posts\/7309\/revisions"}],"predecessor-version":[{"id":7311,"href":"https:\/\/jornaloalvorada.com.br\/site\/wp-json\/wp\/v2\/posts\/7309\/revisions\/7311"}],"wp:featuredmedia":[{"embeddable":true,"href":"https:\/\/jornaloalvorada.com.br\/site\/wp-json\/wp\/v2\/media\/7310"}],"wp:attachment":[{"href":"https:\/\/jornaloalvorada.com.br\/site\/wp-json\/wp\/v2\/media?parent=7309"}],"wp:term":[{"taxonomy":"category","embeddable":true,"href":"https:\/\/jornaloalvorada.com.br\/site\/wp-json\/wp\/v2\/categories?post=7309"},{"taxonomy":"post_tag","embeddable":true,"href":"https:\/\/jornaloalvorada.com.br\/site\/wp-json\/wp\/v2\/tags?post=7309"}],"curies":[{"name":"wp","href":"https:\/\/api.w.org\/{rel}","templated":true}]}}