{"id":7298,"date":"2024-09-02T07:33:33","date_gmt":"2024-09-02T11:33:33","guid":{"rendered":"https:\/\/jornaloalvorada.com.br\/site\/?p=7298"},"modified":"2024-09-02T07:33:38","modified_gmt":"2024-09-02T11:33:38","slug":"brasil-tem-agosto-com-maior-numero-de-queimadas-desde-2010","status":"publish","type":"post","link":"https:\/\/jornaloalvorada.com.br\/site\/2024\/09\/02\/brasil-tem-agosto-com-maior-numero-de-queimadas-desde-2010\/","title":{"rendered":"Brasil tem agosto com maior n\u00famero de queimadas desde 2010"},"content":{"rendered":"\n<p>O Brasil registrou 68.635 queimadas em agosto de 2024, segundo o monitoramento do <a href=\"https:\/\/www.gov.br\/inpe\/pt-br\" target=\"_blank\" rel=\"noreferrer noopener\">Inpe<\/a> (Instituto Nacional de Pesquisas Espaciais). Este foi o maior n\u00famero para o m\u00eas desde 2010 \u2013 quando foram computados 91.085 focos de inc\u00eandio\u2013 e o 5\u00ba pior da s\u00e9rie hist\u00f3rica, iniciada em 1998.<\/p>\n\n\n\n<p>Em rela\u00e7\u00e3o ao \u00faltimo ano, que registrou 28.056 pontos de fogo em agosto, o aumento foi de 144%. Tradicionalmente, este \u00e9 o m\u00eas inicial do per\u00edodo de queimadas no Brasil, que segue at\u00e9 outubro. O pico costuma ser registrado em setembro.<\/p>\n\n\n\n<p>No somat\u00f3rio do ano, a quantidade de queimadas tamb\u00e9m \u00e9 a maior em 14 anos, com 127.051 focos \u201354% do total s\u00f3 em agosto.<\/p>\n\n\n\n<figure class=\"wp-block-image\"><img decoding=\"async\" src=\"https:\/\/static.poder360.com.br\/2024\/09\/numero-incendios-queimadas-27-ago-2024-2.png\" alt=\"\"\/><\/figure>\n\n\n\n<p>Mato Grosso, Par\u00e1 e Amazonas lideram o ranking. Somados, os 3 Estados concentram 56% dos inc\u00eandios no pa\u00eds. Todos est\u00e3o na Amaz\u00f4nia Legal \u2013que tem 49,7% dos focos\u2013 e, em parte, no Pantanal (o sudoeste mato-grossense) \u2013com 30,9% dos focos.<\/p>\n\n\n\n<p>A previs\u00e3o do Ibama (Instituto Brasileiro do Meio Ambiente) \u00e9 que ambos os biomas permane\u00e7am em situa\u00e7\u00e3o cr\u00edtica pelos pr\u00f3ximos 2 meses.<\/p>\n\n\n\n<p><strong>Focos de calor at\u00e9 31 de agosto, por bioma:<\/strong><\/p>\n\n\n\n<ul class=\"wp-block-list\">\n<li>Amaz\u00f4nia: 63.189;<\/li>\n\n\n\n<li>Cerrado: 39.312;<\/li>\n\n\n\n<li>Mata Atl\u00e2ntica: 11.699;<\/li>\n\n\n\n<li>Pantanal: 9.167;<\/li>\n\n\n\n<li>Caatinga: 3.381;<\/li>\n\n\n\n<li>Pampa: 303.<\/li>\n<\/ul>\n\n\n\n<p>O munic\u00edpio mais afetado foi Corumb\u00e1 (MS), com 4.395 focos. \u00c9 seguido por Apu\u00ed (AM), com 3.769 registros e por S\u00e3o F\u00e9lix do Xingu (PA), com 3.088 queimadas.<\/p>\n\n\n\n<figure class=\"wp-block-image\"><img decoding=\"async\" src=\"https:\/\/static.poder360.com.br\/2024\/09\/numero-incendios-queimadas-27-ago-2024-1.png\" alt=\"\"\/><\/figure>\n\n\n\n<h2 class=\"wp-block-heading\">SECA NO BRASIL<\/h2>\n\n\n\n<p>Na \u00faltima semana, o <a href=\"https:\/\/www.gov.br\/cemaden\/pt-br\">Cemaden<\/a> (Centro Nacional de Monitoramento e Alertas de Desastres Naturais) informou que 16 Estados e o Distrito Federal registraram, em 2024, o per\u00edodo mais seco dos \u00faltimos 44 anos, situa\u00e7\u00e3o que tem dificultado o controle de inc\u00eandios.<\/p>\n\n\n\n<p>O Governo de Mato Grosso declarou situa\u00e7\u00e3o de emerg\u00eancia no Estado na \u00faltima 6\u00aa feira (30.ago) pelo per\u00edodo de 180 dias, por causa da seca severa e dos inc\u00eandios florestais que atingem a regi\u00e3o.<\/p>\n\n\n\n<p>Com o decreto, as autoridades coordenadas pelo governo do Estado podem adotar todas as medidas necess\u00e1rias para prevenir e combater os inc\u00eandios florestais. Al\u00e9m de realizar compra de bens e materiais, por exemplo, com dispensa de licita\u00e7\u00e3o.<\/p>\n\n\n\n<p><strong>Veja mapa com os focos de inc\u00eandio em agosto de 2024:<\/strong><\/p>\n\n\n\n<figure class=\"wp-block-image\"><img decoding=\"async\" src=\"https:\/\/static.poder360.com.br\/2024\/09\/mapa-incendios-e1725238997946.png\" alt=\"\"\/><\/figure>\n\n\n\n<p><strong>Entenda as causas:<\/strong><\/p>\n\n\n\n<p>A seca e a estiagem que afetam grande parte dos munic\u00edpios s\u00e3o comuns ao inverno brasileiro. A temporada teve in\u00edcio em junho e segue at\u00e9 o final de setembro. No entanto, a intensidade em que ocorrem na esta\u00e7\u00e3o, este ano, \u00e9 at\u00edpica. S\u00e3o 2 os fatores que mais impactam no cen\u00e1rio:<\/p>\n\n\n\n<ul class=\"wp-block-list\">\n<li><strong>fortes ondas de calor<\/strong> \u2013 foram 6 desde o in\u00edcio da temporada, segundo o <a href=\"https:\/\/www.gov.br\/cemaden\/pt-br\" target=\"_blank\" rel=\"noreferrer noopener\">Cemaden<\/a> (Centro Nacional de Monitoramento e Alertas de Desastres Naturais). Por outro lado, as ondas de frio foram somente 4;<\/li>\n\n\n\n<li><strong>antecipa\u00e7\u00e3o da seca<\/strong> \u2013 em algumas regi\u00f5es do Brasil, o per\u00edodo de seca come\u00e7ou antes do inverno. Na amaz\u00f4nica, por exemplo, a estiagem se intensificou quase 1 m\u00eas antes do previsto, j\u00e1 no in\u00edcio de junho.<\/li>\n<\/ul>\n\n\n\n<h2 class=\"wp-block-heading\">ESTIAGEM NA AMAZ\u00d4NIA<\/h2>\n\n\n\n<p>Na regi\u00e3o da Amaz\u00f4nia, a seca toma formas preocupantes. Os munic\u00edpios amaz\u00f4nicos enfrentam cerca de 1 ano de estiagem.\u00c9 a seca mais longa j\u00e1 registrada. S\u00e3o 3 as principais causas:<\/p>\n\n\n\n<ul class=\"wp-block-list\">\n<li><strong>intensidade do El Ni\u00f1o<\/strong> \u2013 o regime de chuvas foi impactado pelo fen\u00f4meno que aquece as \u00e1guas do Oceano Pac\u00edfico. Ele teve o pico no in\u00edcio desse ano e influenciou o come\u00e7o da seca;<\/li>\n\n\n\n<li><strong>aquecimento anormal das \u00e1guas do Atl\u00e2ntico Tropical Norte<\/strong> \u2013 a temperatura na regi\u00e3o mar\u00edtima, que fica acima da Am\u00e9rica do Sul, chegou a aumentar de 1,2 \u00b0C a 1,4 \u00b0C em 2023 e 2024;<\/li>\n\n\n\n<li><strong>temperaturas globais recordes<\/strong> \u2013 em julho, o mundo bateu o recorde de <a href=\"https:\/\/www.poder360.com.br\/meio-ambiente\/mundo-bate-recorde-de-dia-mais-quente-da-historia-em-24-horas\/#:~:text=Foi%20de%2017%2C08%20%C2%BAC,realiza%20as%20medi%C3%A7%C3%B5es%20desde%201940.&amp;text=O%20observat%C3%B3rio%20Corpenicus%20avalia%2C%20preliminarmente,em%20grandes%20partes%20da%20Ant%C3%A1rtida.\">maior temperatura<\/a> j\u00e1 registrada na hist\u00f3ria. O cen\u00e1rio cria condi\u00e7\u00f5es para ondas de calor mais fortes.<\/li>\n<\/ul>\n\n\n\n<p><strong><em>Fonte: Poder360<\/em><\/strong><\/p>\n","protected":false},"excerpt":{"rendered":"<p>O Brasil registrou 68.635 queimadas em agosto de 2024, segundo o monitoramento do Inpe (Instituto Nacional de Pesquisas Espaciais). Este<\/p>\n","protected":false},"author":1,"featured_media":7299,"comment_status":"open","ping_status":"open","sticky":false,"template":"","format":"standard","meta":{"footnotes":""},"categories":[2],"tags":[],"class_list":["post-7298","post","type-post","status-publish","format-standard","has-post-thumbnail","hentry","category-noticias"],"_links":{"self":[{"href":"https:\/\/jornaloalvorada.com.br\/site\/wp-json\/wp\/v2\/posts\/7298","targetHints":{"allow":["GET"]}}],"collection":[{"href":"https:\/\/jornaloalvorada.com.br\/site\/wp-json\/wp\/v2\/posts"}],"about":[{"href":"https:\/\/jornaloalvorada.com.br\/site\/wp-json\/wp\/v2\/types\/post"}],"author":[{"embeddable":true,"href":"https:\/\/jornaloalvorada.com.br\/site\/wp-json\/wp\/v2\/users\/1"}],"replies":[{"embeddable":true,"href":"https:\/\/jornaloalvorada.com.br\/site\/wp-json\/wp\/v2\/comments?post=7298"}],"version-history":[{"count":1,"href":"https:\/\/jornaloalvorada.com.br\/site\/wp-json\/wp\/v2\/posts\/7298\/revisions"}],"predecessor-version":[{"id":7300,"href":"https:\/\/jornaloalvorada.com.br\/site\/wp-json\/wp\/v2\/posts\/7298\/revisions\/7300"}],"wp:featuredmedia":[{"embeddable":true,"href":"https:\/\/jornaloalvorada.com.br\/site\/wp-json\/wp\/v2\/media\/7299"}],"wp:attachment":[{"href":"https:\/\/jornaloalvorada.com.br\/site\/wp-json\/wp\/v2\/media?parent=7298"}],"wp:term":[{"taxonomy":"category","embeddable":true,"href":"https:\/\/jornaloalvorada.com.br\/site\/wp-json\/wp\/v2\/categories?post=7298"},{"taxonomy":"post_tag","embeddable":true,"href":"https:\/\/jornaloalvorada.com.br\/site\/wp-json\/wp\/v2\/tags?post=7298"}],"curies":[{"name":"wp","href":"https:\/\/api.w.org\/{rel}","templated":true}]}}