{"id":7290,"date":"2024-09-02T07:27:23","date_gmt":"2024-09-02T11:27:23","guid":{"rendered":"https:\/\/jornaloalvorada.com.br\/site\/?p=7290"},"modified":"2024-09-02T07:27:34","modified_gmt":"2024-09-02T11:27:34","slug":"moraes-convoca-1a-turma-para-julgar-suspensao-da-plataforma-x","status":"publish","type":"post","link":"https:\/\/jornaloalvorada.com.br\/site\/2024\/09\/02\/moraes-convoca-1a-turma-para-julgar-suspensao-da-plataforma-x\/","title":{"rendered":"Moraes convoca 1\u00aa Turma para julgar suspens\u00e3o da plataforma X"},"content":{"rendered":"\n<p>O ministro Alexandre de Moraes, do Supremo Tribunal Federal (STF), convocou a 1\u00aa Turma da Corte para analisar, em julgamento virtual, sua decis\u00e3o de<a href=\"https:\/\/agenciabrasil.ebc.com.br\/justica\/noticia\/2024-08\/moraes-determina-suspensao-da-rede-social-x-no-brasil\" target=\"_blank\" rel=\"noreferrer noopener\"> suspender a rede social X<\/a> (antigo Twitter).\u00a0A sess\u00e3o virtual come\u00e7a a partir da meia-noite\u00a0desta segunda-feira (2) e ter\u00e1 dura\u00e7\u00e3o de 24 horas. Al\u00e9m de Moraes, a 1\u00aa Turma do STF conta com os ministros Luiz Fux, Cristiano Zanin, Fl\u00e1vio Dino e Carmen L\u00facia.<\/p>\n\n\n\n<p>A rede social X come\u00e7ou a ser <a href=\"https:\/\/agenciabrasil.ebc.com.br\/justica\/noticia\/2024-08\/x-e-bloqueado-no-brasil-apos-musk-descumprir-decisao-de-moraes\" target=\"_blank\" rel=\"noreferrer noopener\">bloqueada pelas operadoras de internet<\/a>, no territ\u00f3rio brasileiro, nas primeiras horas deste s\u00e1bado (31), em cumprimento \u00e0 decis\u00e3o de Moraes, do dia anterior, que determinou a suspens\u00e3o da plataforma. A medida foi tomada ap\u00f3s descumprimento ao <a href=\"https:\/\/agenciabrasil.ebc.com.br\/justica\/noticia\/2024-08\/moraes-da-24-horas-para-musk-indicar-representante-legal-no-brasil\" target=\"_blank\" rel=\"noreferrer noopener\">prazo de 24 horas <\/a>dado pelo ministro ao bilion\u00e1rio Elon Musk, dono da plataforma, para indicar um representante legal do X no pa\u00eds.<\/p>\n\n\n\n<p>No \u00faltimo dia 17 de agosto, Musk anunciou o fechamento da sede da empresa no Brasil e acusou Moraes de amea\u00e7a. O an\u00fancio foi feito ap\u00f3s sucessivos descumprimentos de determina\u00e7\u00f5es do ministro. Entre elas, a que determinou o bloqueio do perfil do senador Marcos do Val (Podemos-ES) e de outros investigados.<\/p>\n\n\n\n<p>No post que anunciou a sa\u00edda do Brasil, o bilion\u00e1rio divulgou uma decis\u00e3o sigilosa do ministro. O documento diz que o X se negou a bloquear perfis e contas no contexto de um inqu\u00e9rito da Pol\u00edcia Federal (PF) que apura obstru\u00e7\u00e3o de investiga\u00e7\u00f5es de organiza\u00e7\u00e3o criminosa e incita\u00e7\u00e3o ao crime.<\/p>\n\n\n\n<p><strong><em>Fonte: Ag\u00eancia Brasil<\/em><\/strong><\/p>\n","protected":false},"excerpt":{"rendered":"<p>O ministro Alexandre de Moraes, do Supremo Tribunal Federal (STF), convocou a 1\u00aa Turma da Corte para analisar, em julgamento<\/p>\n","protected":false},"author":1,"featured_media":7291,"comment_status":"open","ping_status":"open","sticky":false,"template":"","format":"standard","meta":{"footnotes":""},"categories":[2],"tags":[],"class_list":["post-7290","post","type-post","status-publish","format-standard","has-post-thumbnail","hentry","category-noticias"],"_links":{"self":[{"href":"https:\/\/jornaloalvorada.com.br\/site\/wp-json\/wp\/v2\/posts\/7290","targetHints":{"allow":["GET"]}}],"collection":[{"href":"https:\/\/jornaloalvorada.com.br\/site\/wp-json\/wp\/v2\/posts"}],"about":[{"href":"https:\/\/jornaloalvorada.com.br\/site\/wp-json\/wp\/v2\/types\/post"}],"author":[{"embeddable":true,"href":"https:\/\/jornaloalvorada.com.br\/site\/wp-json\/wp\/v2\/users\/1"}],"replies":[{"embeddable":true,"href":"https:\/\/jornaloalvorada.com.br\/site\/wp-json\/wp\/v2\/comments?post=7290"}],"version-history":[{"count":1,"href":"https:\/\/jornaloalvorada.com.br\/site\/wp-json\/wp\/v2\/posts\/7290\/revisions"}],"predecessor-version":[{"id":7292,"href":"https:\/\/jornaloalvorada.com.br\/site\/wp-json\/wp\/v2\/posts\/7290\/revisions\/7292"}],"wp:featuredmedia":[{"embeddable":true,"href":"https:\/\/jornaloalvorada.com.br\/site\/wp-json\/wp\/v2\/media\/7291"}],"wp:attachment":[{"href":"https:\/\/jornaloalvorada.com.br\/site\/wp-json\/wp\/v2\/media?parent=7290"}],"wp:term":[{"taxonomy":"category","embeddable":true,"href":"https:\/\/jornaloalvorada.com.br\/site\/wp-json\/wp\/v2\/categories?post=7290"},{"taxonomy":"post_tag","embeddable":true,"href":"https:\/\/jornaloalvorada.com.br\/site\/wp-json\/wp\/v2\/tags?post=7290"}],"curies":[{"name":"wp","href":"https:\/\/api.w.org\/{rel}","templated":true}]}}