{"id":7286,"date":"2024-09-02T07:26:03","date_gmt":"2024-09-02T11:26:03","guid":{"rendered":"https:\/\/jornaloalvorada.com.br\/site\/?p=7286"},"modified":"2024-09-02T07:26:06","modified_gmt":"2024-09-02T11:26:06","slug":"semana-comeca-com-tempo-seco-e-temperaturas-altas-mas-ha-previsao-de-breve-frente-fria-sem-chuvas","status":"publish","type":"post","link":"https:\/\/jornaloalvorada.com.br\/site\/2024\/09\/02\/semana-comeca-com-tempo-seco-e-temperaturas-altas-mas-ha-previsao-de-breve-frente-fria-sem-chuvas\/","title":{"rendered":"Semana come\u00e7a com tempo seco e temperaturas altas, mas h\u00e1 previs\u00e3o de breve frente fria sem chuvas"},"content":{"rendered":"\n<p>A previs\u00e3o do tempo para esta segunda-feira (2) em todo o Estado indica tempo est\u00e1vel, com predom\u00ednio de sol, varia\u00e7\u00e3o de nebulosidade e com temperaturas acima da m\u00e9dia para o per\u00edodo, com m\u00e1ximas que podem atingir entre 38\u00b0C e 41\u00b0C, de acordo com informa\u00e7\u00f5es do Cemtec (Centro de Monitoramento do Tempo e do Clima).<\/p>\n\n\n\n<p>&#8220;Aliadas \u00e0s altas temperaturas, espera-se tamb\u00e9m baixo valor de umidade relativa do ar, entre 8% e 20%. Esta situa\u00e7\u00e3o meteorol\u00f3gica ocorre devido \u00e0 ocorr\u00eancia de uma onda de calor, favorecida pela atua\u00e7\u00e3o de uma massa de ar quente e seca. Por isso, \u00e9 recomend\u00e1vel beber bastante l\u00edquido e umidificar os ambientes. As condi\u00e7\u00f5es meteorol\u00f3gicas previstas de tempo quente e seco tornam o ambiente atmosf\u00e9rico prop\u00edcio para ocorr\u00eancia de inc\u00eandios florestais. Desta forma, aconselhamos que a popula\u00e7\u00e3o n\u00e3o ateie fogo em nenhuma situa\u00e7\u00e3o&#8221;, explica a coordenadora do Cemtec, a meteorologista Valesca Fernandes.<\/p>\n\n\n\n<p>Segundo a coordenadora, apesar da chegada de uma nova frente fria ainda esta semana, ela ser\u00e1 breve e com poucas chances de chuvas. &#8220;A aproxima\u00e7\u00e3o e avan\u00e7o de uma nova frente fria, a partir de quarta-feira (4), favorece uma leve queda nas temperaturas, por\u00e9m com baixa probabilidade para a ocorr\u00eancia de chuvas, principalmente, nas regi\u00f5es Sul, Sudeste e Sudoeste do Estado. Essa frente fria passa r\u00e1pido pelo Mato Grosso do Sul e as temperaturas voltam a subir no final de semana&#8221;.<\/p>\n\n\n\n<p>Em rela\u00e7\u00e3o \u00e0s temperaturas, est\u00e3o previstas m\u00ednimas entre 14\u00b0C e 15\u00b0C, e m\u00e1ximas entre 31\u00b0C e 39\u00b0C para as regi\u00f5es Sul, Sudeste e Leste do Estado. Nas regi\u00f5es Pantaneira, Bols\u00e3o, Sudoeste e Norte s\u00e3o esperadas m\u00ednimas entre 16\u00b0C e 25\u00b0C, e m\u00e1ximas entre 34\u00b0C e 40\u00b0C. Na capital, as m\u00ednimas podem ser entre 20\u00b0C e 24\u00b0C e m\u00e1ximas entre 35\u00b0C e 37\u00b0C.<\/p>\n\n\n\n<p><em>Alexandre Gonzaga, Comunica\u00e7\u00e3o do Governo de MS<\/em><br><em>Foto: Saul Schramm<\/em><\/p>\n","protected":false},"excerpt":{"rendered":"<p>A previs\u00e3o do tempo para esta segunda-feira (2) em todo o Estado indica tempo est\u00e1vel, com predom\u00ednio de sol, varia\u00e7\u00e3o<\/p>\n","protected":false},"author":1,"featured_media":7288,"comment_status":"open","ping_status":"open","sticky":false,"template":"","format":"standard","meta":{"footnotes":""},"categories":[2],"tags":[],"class_list":["post-7286","post","type-post","status-publish","format-standard","has-post-thumbnail","hentry","category-noticias"],"_links":{"self":[{"href":"https:\/\/jornaloalvorada.com.br\/site\/wp-json\/wp\/v2\/posts\/7286","targetHints":{"allow":["GET"]}}],"collection":[{"href":"https:\/\/jornaloalvorada.com.br\/site\/wp-json\/wp\/v2\/posts"}],"about":[{"href":"https:\/\/jornaloalvorada.com.br\/site\/wp-json\/wp\/v2\/types\/post"}],"author":[{"embeddable":true,"href":"https:\/\/jornaloalvorada.com.br\/site\/wp-json\/wp\/v2\/users\/1"}],"replies":[{"embeddable":true,"href":"https:\/\/jornaloalvorada.com.br\/site\/wp-json\/wp\/v2\/comments?post=7286"}],"version-history":[{"count":1,"href":"https:\/\/jornaloalvorada.com.br\/site\/wp-json\/wp\/v2\/posts\/7286\/revisions"}],"predecessor-version":[{"id":7289,"href":"https:\/\/jornaloalvorada.com.br\/site\/wp-json\/wp\/v2\/posts\/7286\/revisions\/7289"}],"wp:featuredmedia":[{"embeddable":true,"href":"https:\/\/jornaloalvorada.com.br\/site\/wp-json\/wp\/v2\/media\/7288"}],"wp:attachment":[{"href":"https:\/\/jornaloalvorada.com.br\/site\/wp-json\/wp\/v2\/media?parent=7286"}],"wp:term":[{"taxonomy":"category","embeddable":true,"href":"https:\/\/jornaloalvorada.com.br\/site\/wp-json\/wp\/v2\/categories?post=7286"},{"taxonomy":"post_tag","embeddable":true,"href":"https:\/\/jornaloalvorada.com.br\/site\/wp-json\/wp\/v2\/tags?post=7286"}],"curies":[{"name":"wp","href":"https:\/\/api.w.org\/{rel}","templated":true}]}}