{"id":7282,"date":"2024-08-30T09:31:52","date_gmt":"2024-08-30T13:31:52","guid":{"rendered":"https:\/\/jornaloalvorada.com.br\/site\/?p=7282"},"modified":"2024-08-30T09:31:58","modified_gmt":"2024-08-30T13:31:58","slug":"receita-paga-4o-lote-do-ir-nesta-6a-saiba-quem-recebe","status":"publish","type":"post","link":"https:\/\/jornaloalvorada.com.br\/site\/2024\/08\/30\/receita-paga-4o-lote-do-ir-nesta-6a-saiba-quem-recebe\/","title":{"rendered":"Receita paga 4\u00ba lote do IR nesta 6\u00aa; saiba quem recebe"},"content":{"rendered":"\n<p>A <a href=\"https:\/\/www.gov.br\/receitafederal\/pt-br\" target=\"_blank\" rel=\"noreferrer noopener\">Receita Federal<\/a> paga nesta 6\u00aa feira (30.ago.2024) o 4\u00ba lote de restitui\u00e7\u00f5es do IR (imposto de renda) 2024. Mais de <strong>5,3 milh\u00f5es de pagadores de impostos ser\u00e3o contemplados<\/strong> com parte dos R$ 6,8 bilh\u00f5es repassados pelo Fisco.<\/p>\n\n\n\n<p>De acordo com a institui\u00e7\u00e3o, o lote inclui restitui\u00e7\u00f5es residuais de exerc\u00edcios anteriores. Trata-se de declara\u00e7\u00f5es que ca\u00edram na malha fina, mas foram corrigidas.<\/p>\n\n\n\n<p>Do valor total, R$ 469,1 milh\u00f5es ser\u00e3o destinados a pagadores de impostos com prioridade:&nbsp;<\/p>\n\n\n\n<ul class=\"wp-block-list\">\n<li>15.077 idosos acima de 80 anos;\u00a0<\/li>\n\n\n\n<li>84.659 pessoas com idade de 60 a 79 anos;\u00a0<\/li>\n\n\n\n<li>7.168 pessoas com alguma defici\u00eancia f\u00edsica ou mental, ou mol\u00e9stia grave;\u00a0<\/li>\n\n\n\n<li>27.372 pessoas cuja maior fonte de renda seja o magist\u00e9rio.<\/li>\n<\/ul>\n\n\n\n<p>Tamb\u00e9m foram contemplados:<\/p>\n\n\n\n<ul class=\"wp-block-list\">\n<li>261.019 pagadores de impostos sem prioridade legal, mas que receber\u00e3o a restitui\u00e7\u00e3o neste lote por terem usado a declara\u00e7\u00e3o pr\u00e9-preenchida ou optado por receber o valor por meio de Pix;<\/li>\n\n\n\n<li>4.904.908 contribuintes n\u00e3o priorit\u00e1rios; e<\/li>\n\n\n\n<li>47.238 pessoas que tiveram suas restitui\u00e7\u00f5es priorizadas em raz\u00e3o do estado de calamidade decretado no Rio Grande do Sul.<\/li>\n<\/ul>\n\n\n\n<p>Para saber se teve a declara\u00e7\u00e3o liberada, o pagador de imposto deve <a href=\"https:\/\/www.gov.br\/receitafederal\/pt-br\" target=\"_blank\" rel=\"noreferrer noopener\">acessar a p\u00e1gina da Receita na internet<\/a>, clicar em \u201cMeu Imposto de Renda\u201d e, em seguida, em&nbsp;<a href=\"https:\/\/www.gov.br\/pt-br\/servicos\/consultar-restituicao-de-imposto-de-renda\" target=\"_blank\" rel=\"noreferrer noopener\">\u201cConsultar a Restitui\u00e7\u00e3o\u201d<\/a>.&nbsp;<\/p>\n\n\n\n<p>Tamb\u00e9m \u00e9 poss\u00edvel fazer a consulta no aplicativo da Receita Federal para tablets e smartphones.<\/p>\n\n\n\n<p>Quem n\u00e3o estiver na lista dever\u00e1 entrar no <a href=\"https:\/\/cav.receita.fazenda.gov.br\/autenticacao\/login\" target=\"_blank\" rel=\"noreferrer noopener\">e-CAC<\/a>&nbsp;(Centro Virtual de Atendimento ao Contribuinte) e tirar o extrato da declara\u00e7\u00e3o. Se houver pend\u00eancia, pode enviar a declara\u00e7\u00e3o retificadora, corrigindo as informa\u00e7\u00f5es equivocadas, e esperar os pr\u00f3ximos lotes da malha fina.<\/p>\n\n\n\n<p><strong><em>Fonte: Poder360<\/em><\/strong><\/p>\n","protected":false},"excerpt":{"rendered":"<p>A Receita Federal paga nesta 6\u00aa feira (30.ago.2024) o 4\u00ba lote de restitui\u00e7\u00f5es do IR (imposto de renda) 2024. Mais<\/p>\n","protected":false},"author":1,"featured_media":5265,"comment_status":"open","ping_status":"open","sticky":false,"template":"","format":"standard","meta":{"footnotes":""},"categories":[2],"tags":[],"class_list":["post-7282","post","type-post","status-publish","format-standard","has-post-thumbnail","hentry","category-noticias"],"_links":{"self":[{"href":"https:\/\/jornaloalvorada.com.br\/site\/wp-json\/wp\/v2\/posts\/7282","targetHints":{"allow":["GET"]}}],"collection":[{"href":"https:\/\/jornaloalvorada.com.br\/site\/wp-json\/wp\/v2\/posts"}],"about":[{"href":"https:\/\/jornaloalvorada.com.br\/site\/wp-json\/wp\/v2\/types\/post"}],"author":[{"embeddable":true,"href":"https:\/\/jornaloalvorada.com.br\/site\/wp-json\/wp\/v2\/users\/1"}],"replies":[{"embeddable":true,"href":"https:\/\/jornaloalvorada.com.br\/site\/wp-json\/wp\/v2\/comments?post=7282"}],"version-history":[{"count":1,"href":"https:\/\/jornaloalvorada.com.br\/site\/wp-json\/wp\/v2\/posts\/7282\/revisions"}],"predecessor-version":[{"id":7283,"href":"https:\/\/jornaloalvorada.com.br\/site\/wp-json\/wp\/v2\/posts\/7282\/revisions\/7283"}],"wp:featuredmedia":[{"embeddable":true,"href":"https:\/\/jornaloalvorada.com.br\/site\/wp-json\/wp\/v2\/media\/5265"}],"wp:attachment":[{"href":"https:\/\/jornaloalvorada.com.br\/site\/wp-json\/wp\/v2\/media?parent=7282"}],"wp:term":[{"taxonomy":"category","embeddable":true,"href":"https:\/\/jornaloalvorada.com.br\/site\/wp-json\/wp\/v2\/categories?post=7282"},{"taxonomy":"post_tag","embeddable":true,"href":"https:\/\/jornaloalvorada.com.br\/site\/wp-json\/wp\/v2\/tags?post=7282"}],"curies":[{"name":"wp","href":"https:\/\/api.w.org\/{rel}","templated":true}]}}