{"id":7276,"date":"2024-08-30T09:22:42","date_gmt":"2024-08-30T13:22:42","guid":{"rendered":"https:\/\/jornaloalvorada.com.br\/site\/?p=7276"},"modified":"2024-08-30T09:22:44","modified_gmt":"2024-08-30T13:22:44","slug":"com-sol-e-nebulosidade-sexta-feira-registra-baixa-umidade-relativa-do-ar-em-mato-grosso-do-sul","status":"publish","type":"post","link":"https:\/\/jornaloalvorada.com.br\/site\/2024\/08\/30\/com-sol-e-nebulosidade-sexta-feira-registra-baixa-umidade-relativa-do-ar-em-mato-grosso-do-sul\/","title":{"rendered":"Com sol e nebulosidade, sexta-feira registra baixa umidade relativa do ar em Mato Grosso do Sul"},"content":{"rendered":"\n<p>Para esta sexta-feira (30), a previs\u00e3o indica tempo est\u00e1vel, com sol e varia\u00e7\u00e3o de nebulosidade em Mato Grosso do Sul. De acordo com o Cemtec (Centro de Monitoramento do Tempo e do Clima), a umidade relativa do ar fica baixa no per\u00edodo da tarde, em torno de 10% e 20%.<\/p>\n\n\n\n<p>\u201cEssa situa\u00e7\u00e3o meteorol\u00f3gica ocorre devido a atua\u00e7\u00e3o de um sistema de alta press\u00e3o atmosf\u00e9rica que inibe a forma\u00e7\u00e3o de nuvens e favorece o tempo quente e seco no Estado\u201d, explica o \u00f3rg\u00e3o. Recomenda-se beber bastante l\u00edquido, umidificar os ambientes e n\u00e3o colocar fogo em nenhuma ocasi\u00e3o.<\/p>\n\n\n\n<p>A m\u00ednima prevista para Campo Grande \u00e9 de 22\u00b0C e a m\u00e1xima de 34\u00b0C. Os term\u00f4metros em Dourados marcam 16\u00b0C inicialmente e chegam aos 35\u00b0C ao longo do dia. Anauril\u00e2ndia, na regi\u00e3o leste, tem m\u00ednima de 17\u00b0C e m\u00e1xima de 34\u00b0C. Na fronteira com o Paraguai, os valores em Ponta Por\u00e3 variam entre 19\u00b0C e 31\u00b0C.<\/p>\n\n\n\n<p>Na regi\u00e3o do Bols\u00e3o, Tr\u00eas Lagoas e Parana\u00edba amanhecem com 17\u00b0C e registram m\u00e1ximas de 33\u00b0C e 34\u00b0C, respectivamente. No norte, Coxim tem m\u00ednima de 20\u00b0C e atinge 36\u00b0C \u00e0 tarde, j\u00e1 Camapu\u00e3 apresenta varia\u00e7\u00e3o entre 20\u00b0C e 35\u00b0C.<\/p>\n\n\n\n<p>Na regi\u00e3o pantaneira, a m\u00ednima em Corumb\u00e1 \u00e9 de 24\u00b0C e a m\u00e1xima de 36\u00b0C; as temperaturas em Aquidauana iniciam aos 23\u00b0C e sobem at\u00e9 38\u00b0C. No munic\u00edpio de Porto Murtinho, no Sudoeste do Estado, a m\u00ednima \u00e9 de 24\u00b0C e a m\u00e1xima de 38\u00b0C.<\/p>\n\n\n\n<figure class=\"wp-block-image\"><a href=\"https:\/\/agenciadenoticias.ms.gov.br\/wp-content\/uploads\/2024\/08\/Mapa-Previsao-30-08-24.jpeg\"><img decoding=\"async\" src=\"https:\/\/agenciadenoticias.ms.gov.br\/wp-content\/uploads\/2024\/08\/Mapa-Previsao-30-08-24-1024x724.jpeg\" alt=\"\"\/><\/a><\/figure>\n\n\n\n<p><em>Heloisa Duim, Programa de Est\u00e1gio Supervisionado<br>Foto: \u00c1lvaro Rezende<\/em><\/p>\n","protected":false},"excerpt":{"rendered":"<p>Para esta sexta-feira (30), a previs\u00e3o indica tempo est\u00e1vel, com sol e varia\u00e7\u00e3o de nebulosidade em Mato Grosso do Sul.<\/p>\n","protected":false},"author":1,"featured_media":7277,"comment_status":"open","ping_status":"open","sticky":false,"template":"","format":"standard","meta":{"footnotes":""},"categories":[2],"tags":[],"class_list":["post-7276","post","type-post","status-publish","format-standard","has-post-thumbnail","hentry","category-noticias"],"_links":{"self":[{"href":"https:\/\/jornaloalvorada.com.br\/site\/wp-json\/wp\/v2\/posts\/7276","targetHints":{"allow":["GET"]}}],"collection":[{"href":"https:\/\/jornaloalvorada.com.br\/site\/wp-json\/wp\/v2\/posts"}],"about":[{"href":"https:\/\/jornaloalvorada.com.br\/site\/wp-json\/wp\/v2\/types\/post"}],"author":[{"embeddable":true,"href":"https:\/\/jornaloalvorada.com.br\/site\/wp-json\/wp\/v2\/users\/1"}],"replies":[{"embeddable":true,"href":"https:\/\/jornaloalvorada.com.br\/site\/wp-json\/wp\/v2\/comments?post=7276"}],"version-history":[{"count":1,"href":"https:\/\/jornaloalvorada.com.br\/site\/wp-json\/wp\/v2\/posts\/7276\/revisions"}],"predecessor-version":[{"id":7278,"href":"https:\/\/jornaloalvorada.com.br\/site\/wp-json\/wp\/v2\/posts\/7276\/revisions\/7278"}],"wp:featuredmedia":[{"embeddable":true,"href":"https:\/\/jornaloalvorada.com.br\/site\/wp-json\/wp\/v2\/media\/7277"}],"wp:attachment":[{"href":"https:\/\/jornaloalvorada.com.br\/site\/wp-json\/wp\/v2\/media?parent=7276"}],"wp:term":[{"taxonomy":"category","embeddable":true,"href":"https:\/\/jornaloalvorada.com.br\/site\/wp-json\/wp\/v2\/categories?post=7276"},{"taxonomy":"post_tag","embeddable":true,"href":"https:\/\/jornaloalvorada.com.br\/site\/wp-json\/wp\/v2\/tags?post=7276"}],"curies":[{"name":"wp","href":"https:\/\/api.w.org\/{rel}","templated":true}]}}