{"id":7257,"date":"2024-08-29T08:30:14","date_gmt":"2024-08-29T12:30:14","guid":{"rendered":"https:\/\/jornaloalvorada.com.br\/site\/?p=7257"},"modified":"2024-08-29T08:30:16","modified_gmt":"2024-08-29T12:30:16","slug":"atencao-contribuinte-a-partir-de-setembro-ipva-devera-ser-pago-exclusivamente-pelo-portal-e-fazenda","status":"publish","type":"post","link":"https:\/\/jornaloalvorada.com.br\/site\/2024\/08\/29\/atencao-contribuinte-a-partir-de-setembro-ipva-devera-ser-pago-exclusivamente-pelo-portal-e-fazenda\/","title":{"rendered":"Aten\u00e7\u00e3o contribuinte: a partir de setembro, IPVA dever\u00e1 ser pago exclusivamente pelo portal e-Fazenda"},"content":{"rendered":"\n<p>A partir do pr\u00f3ximo dia 1\u00ba de setembro a emiss\u00e3o da guia de recolhimento para quita\u00e7\u00e3o e parcelamento do IPVA (Imposto sobre Propriedade de Ve\u00edculo Automotor), o Daems (Documento de Arrecada\u00e7\u00e3o do Estado de Mato Grosso do Sul), s\u00f3 poder\u00e1 ser realizada por meio do&nbsp;<a href=\"https:\/\/eservicos.sefaz.ms.gov.br\/\" target=\"_blank\" rel=\"noreferrer noopener\">portal e-Fazenda<\/a>. Este novo sistema, desenvolvido pelo Governo do Estado atrav\u00e9s da Sefaz (Secretaria de Estado de Fazenda), representa um marco na moderniza\u00e7\u00e3o do relacionamento eletr\u00f4nico entre o contribuinte e a administra\u00e7\u00e3o tribut\u00e1ria.<\/p>\n\n\n\n<p>O portal e-Fazenda, al\u00e9m de simplificar o acesso aos servi\u00e7os, oferece um ambiente seguro e confi\u00e1vel, com autentica\u00e7\u00e3o robusta e rastreabilidade, em conformidade com a LGPD (Lei Geral de Prote\u00e7\u00e3o de Dados). Esse avan\u00e7o garante que todas as transa\u00e7\u00f5es sejam realizadas com a m\u00e1xima seguran\u00e7a, protegendo as informa\u00e7\u00f5es pessoais e financeiras dos cidad\u00e3os.<\/p>\n\n\n\n<p>Para acessar o Portal e-Fazenda, \u00e9 necess\u00e1rio realizar um cadastro pr\u00e9vio, dispon\u00edvel no site&nbsp;<a href=\"https:\/\/cadastropessoa.ms.gov.br\/\" target=\"_blank\" rel=\"noreferrer noopener\">https:\/\/cadastropessoa.ms.gov.br<\/a>. Ap\u00f3s o cadastro, o acesso ao portal pode ser feito de maneira simples e r\u00e1pida, utilizando a conta \u2018gov.br\u2019 ou um certificado digital.<\/p>\n\n\n\n<p>A moderniza\u00e7\u00e3o constante do fisco estadual tem resultado em servi\u00e7os cada vez mais eficientes para a popula\u00e7\u00e3o sul-mato-grossense. Com a facilidade de acesso e a integra\u00e7\u00e3o tecnol\u00f3gica, o volume de dados processados aumentou significativamente, exigindo maior seguran\u00e7a e autenticidade.<\/p>\n\n\n\n<p>O novo portal n\u00e3o s\u00f3 mant\u00e9m esses padr\u00f5es elevados, mas tamb\u00e9m os amplia, estendendo os avan\u00e7os do antigo portal ICMS Transparente para todos os servi\u00e7os oferecidos pela Sefaz.<\/p>\n\n\n\n<p>Esteja atento \u00e0s mudan\u00e7as e prepare-se para um novo n\u00edvel de comodidade e seguran\u00e7a na gest\u00e3o dos seus tributos estaduais.<\/p>\n\n\n\n<p>\u201cUm ambiente seguro e de f\u00e1cil navegabilidade. O e-Fazenda vai oferecer ao contribuinte o controle e acompanhamento online de sua situa\u00e7\u00e3o fiscal com facilidade e transpar\u00eancia, ampliando o acesso de servi\u00e7os para al\u00e9m do ICMS, englobando os demais tributos, taxas e contribui\u00e7\u00f5es. Assim, por meio de um cadastro simplificado, os usu\u00e1rios poder\u00e3o ter acesso \u00e0 suas informa\u00e7\u00f5es em tempo real e em qualquer lugar que estejam, por meio da internet. Um projeto inovador, financiado com recursos 100% Sefaz e de import\u00e2ncia instrumental para o fortalecimento da democracia\u201d, pontua o secret\u00e1rio da Fazenda, Fl\u00e1vio C\u00e9sar.<\/p>\n\n\n\n<p><em>Diana Ga\u00fana, Comunica\u00e7\u00e3o Sefaz<\/em><br><em>Foto: Bruno Rezende<\/em><a href=\"https:\/\/folhadems.com.br\/site\/2024\/08\/29\/atencao-contribuinte-a-partir-de-setembro-ipva-devera-ser-pago-exclusivamente-pelo-portal-e-fazenda\/\"><\/a><\/p>\n","protected":false},"excerpt":{"rendered":"<p>A partir do pr\u00f3ximo dia 1\u00ba de setembro a emiss\u00e3o da guia de recolhimento para quita\u00e7\u00e3o e parcelamento do IPVA<\/p>\n","protected":false},"author":1,"featured_media":7258,"comment_status":"open","ping_status":"open","sticky":false,"template":"","format":"standard","meta":{"footnotes":""},"categories":[2],"tags":[],"class_list":["post-7257","post","type-post","status-publish","format-standard","has-post-thumbnail","hentry","category-noticias"],"_links":{"self":[{"href":"https:\/\/jornaloalvorada.com.br\/site\/wp-json\/wp\/v2\/posts\/7257","targetHints":{"allow":["GET"]}}],"collection":[{"href":"https:\/\/jornaloalvorada.com.br\/site\/wp-json\/wp\/v2\/posts"}],"about":[{"href":"https:\/\/jornaloalvorada.com.br\/site\/wp-json\/wp\/v2\/types\/post"}],"author":[{"embeddable":true,"href":"https:\/\/jornaloalvorada.com.br\/site\/wp-json\/wp\/v2\/users\/1"}],"replies":[{"embeddable":true,"href":"https:\/\/jornaloalvorada.com.br\/site\/wp-json\/wp\/v2\/comments?post=7257"}],"version-history":[{"count":1,"href":"https:\/\/jornaloalvorada.com.br\/site\/wp-json\/wp\/v2\/posts\/7257\/revisions"}],"predecessor-version":[{"id":7259,"href":"https:\/\/jornaloalvorada.com.br\/site\/wp-json\/wp\/v2\/posts\/7257\/revisions\/7259"}],"wp:featuredmedia":[{"embeddable":true,"href":"https:\/\/jornaloalvorada.com.br\/site\/wp-json\/wp\/v2\/media\/7258"}],"wp:attachment":[{"href":"https:\/\/jornaloalvorada.com.br\/site\/wp-json\/wp\/v2\/media?parent=7257"}],"wp:term":[{"taxonomy":"category","embeddable":true,"href":"https:\/\/jornaloalvorada.com.br\/site\/wp-json\/wp\/v2\/categories?post=7257"},{"taxonomy":"post_tag","embeddable":true,"href":"https:\/\/jornaloalvorada.com.br\/site\/wp-json\/wp\/v2\/tags?post=7257"}],"curies":[{"name":"wp","href":"https:\/\/api.w.org\/{rel}","templated":true}]}}