{"id":7255,"date":"2024-08-29T08:29:18","date_gmt":"2024-08-29T12:29:18","guid":{"rendered":"https:\/\/jornaloalvorada.com.br\/site\/?p=7255"},"modified":"2024-08-29T08:29:20","modified_gmt":"2024-08-29T12:29:20","slug":"tempo-quente-e-seco-apesar-de-temperaturas-amenas-ao-amanhecer-ms-atinge-ate-37c-nesta-quinta","status":"publish","type":"post","link":"https:\/\/jornaloalvorada.com.br\/site\/2024\/08\/29\/tempo-quente-e-seco-apesar-de-temperaturas-amenas-ao-amanhecer-ms-atinge-ate-37c-nesta-quinta\/","title":{"rendered":"Tempo quente e seco: apesar de temperaturas amenas ao amanhecer, MS atinge at\u00e9 37\u00b0C nesta quinta"},"content":{"rendered":"\n<p>A previs\u00e3o do Cemtec (Centro de Monitoramento do Tempo e do Clima) indica sol e poucas nuvens para esta quinta-feira (29). Com tempo est\u00e1vel, as temperaturas seguem amenas ao amanhecer, principalmente no sul e leste do estado, enquanto os valores m\u00e1ximos podem chegar aos 37\u00b0C nas regi\u00f5es sudoeste e pantaneira.<\/p>\n\n\n\n<p>Aliado \u00e0s temperaturas em gradativa eleva\u00e7\u00e3o, espera-se ainda baixa umidade relativa do ar, entre 10% e 20%, por isso, recomenda-se beber bastante l\u00edquido e umidificar os ambientes. \u201cNeste dia, as condi\u00e7\u00f5es meteorol\u00f3gicas previstas voltam a tornar o ambiente atmosf\u00e9rico prop\u00edcio para ocorr\u00eancia de inc\u00eandios florestais. Por isso, recomenda-se que a popula\u00e7\u00e3o n\u00e3o ateie fogo em nenhuma situa\u00e7\u00e3o\u201d, completa o \u00f3rg\u00e3o.<\/p>\n\n\n\n<p>Em Campo Grande, o dia inicia com 19\u00b0C e atinge 33\u00b0C nos hor\u00e1rios mais quentes. Dourados, na regi\u00e3o de Grande Dourados, amanhece com 14\u00b0C e registra 32\u00b0C \u00e0 tarde. Na regi\u00e3o Sul-Fronteira, Ponta Por\u00e3 tem m\u00ednima de 16\u00b0C e m\u00e1xima de 29\u00b0C. No leste, Anauril\u00e2ndia apresenta varia\u00e7\u00e3o entre 16\u00b0C e 32\u00b0C.<\/p>\n\n\n\n<p>Na regi\u00e3o do Bols\u00e3o, os term\u00f4metros em Parana\u00edba marcam 17\u00b0C inicialmente e chegam aos 33\u00b0C, j\u00e1 Tr\u00eas Lagoas tem m\u00ednima de 16\u00b0C e m\u00e1xima de 32\u00b0C. Em Coxim, no norte do estado, a m\u00ednima prevista \u00e9 de 20\u00b0C e a m\u00e1xima de 35\u00b0C.<\/p>\n\n\n\n<p>Corumb\u00e1, no Pantanal, tem m\u00ednima de 22\u00b0C e m\u00e1xima de 35\u00b0C; em Aquidauana, na mesma regi\u00e3o, as temperaturas iniciam em 20\u00b0C e sobem at\u00e9 37\u00b0C. Em Porto Murtinho, na regi\u00e3o sudoeste, os valores variam entre 20\u00b0C e 37\u00b0C durante o dia.<\/p>\n\n\n\n<figure class=\"wp-block-image\"><a href=\"https:\/\/agenciadenoticias.ms.gov.br\/wp-content\/uploads\/2024\/08\/Mapa-Previsao-29-08-24.jpeg\" target=\"_blank\" rel=\"noreferrer noopener\"><img decoding=\"async\" src=\"https:\/\/agenciadenoticias.ms.gov.br\/wp-content\/uploads\/2024\/08\/Mapa-Previsao-29-08-24-1024x724.jpeg\" alt=\"\"\/><\/a><\/figure>\n\n\n\n<p><em>Heloisa Duim, Programa de Est\u00e1gio Supervisionado<br>Foto: Saul Schramm<\/em><a href=\"https:\/\/folhadems.com.br\/site\/2024\/08\/29\/tempo-quente-e-seco-apesar-de-temperaturas-amenas-ao-amanhecer-ms-atinge-ate-37c-nesta-quinta\/\"><\/a><\/p>\n","protected":false},"excerpt":{"rendered":"<p>A previs\u00e3o do Cemtec (Centro de Monitoramento do Tempo e do Clima) indica sol e poucas nuvens para esta quinta-feira<\/p>\n","protected":false},"author":1,"featured_media":5374,"comment_status":"open","ping_status":"open","sticky":false,"template":"","format":"standard","meta":{"footnotes":""},"categories":[2],"tags":[],"class_list":["post-7255","post","type-post","status-publish","format-standard","has-post-thumbnail","hentry","category-noticias"],"_links":{"self":[{"href":"https:\/\/jornaloalvorada.com.br\/site\/wp-json\/wp\/v2\/posts\/7255","targetHints":{"allow":["GET"]}}],"collection":[{"href":"https:\/\/jornaloalvorada.com.br\/site\/wp-json\/wp\/v2\/posts"}],"about":[{"href":"https:\/\/jornaloalvorada.com.br\/site\/wp-json\/wp\/v2\/types\/post"}],"author":[{"embeddable":true,"href":"https:\/\/jornaloalvorada.com.br\/site\/wp-json\/wp\/v2\/users\/1"}],"replies":[{"embeddable":true,"href":"https:\/\/jornaloalvorada.com.br\/site\/wp-json\/wp\/v2\/comments?post=7255"}],"version-history":[{"count":1,"href":"https:\/\/jornaloalvorada.com.br\/site\/wp-json\/wp\/v2\/posts\/7255\/revisions"}],"predecessor-version":[{"id":7256,"href":"https:\/\/jornaloalvorada.com.br\/site\/wp-json\/wp\/v2\/posts\/7255\/revisions\/7256"}],"wp:featuredmedia":[{"embeddable":true,"href":"https:\/\/jornaloalvorada.com.br\/site\/wp-json\/wp\/v2\/media\/5374"}],"wp:attachment":[{"href":"https:\/\/jornaloalvorada.com.br\/site\/wp-json\/wp\/v2\/media?parent=7255"}],"wp:term":[{"taxonomy":"category","embeddable":true,"href":"https:\/\/jornaloalvorada.com.br\/site\/wp-json\/wp\/v2\/categories?post=7255"},{"taxonomy":"post_tag","embeddable":true,"href":"https:\/\/jornaloalvorada.com.br\/site\/wp-json\/wp\/v2\/tags?post=7255"}],"curies":[{"name":"wp","href":"https:\/\/api.w.org\/{rel}","templated":true}]}}