{"id":7246,"date":"2024-08-28T08:32:04","date_gmt":"2024-08-28T12:32:04","guid":{"rendered":"https:\/\/jornaloalvorada.com.br\/site\/?p=7246"},"modified":"2024-08-28T08:32:06","modified_gmt":"2024-08-28T12:32:06","slug":"com-temperaturas-amenas-e-em-gradativa-elevacao-tempo-permanece-estavel-nesta-quarta-feira","status":"publish","type":"post","link":"https:\/\/jornaloalvorada.com.br\/site\/2024\/08\/28\/com-temperaturas-amenas-e-em-gradativa-elevacao-tempo-permanece-estavel-nesta-quarta-feira\/","title":{"rendered":"Com temperaturas amenas e em gradativa eleva\u00e7\u00e3o, tempo permanece est\u00e1vel nesta quarta-feira"},"content":{"rendered":"\n<p>Para esta quarta-feira (28), a previs\u00e3o indica tempo est\u00e1vel em Mato Grosso do Sul, com sol e varia\u00e7\u00e3o de nebulosidade. As temperaturas m\u00ednimas seguem mais amenas, por volta dos 10\u00b0C, principalmente no sul do Estado, j\u00e1 as m\u00e1ximas permanecem em gradativa eleva\u00e7\u00e3o e podem ultrapassar 30\u00b0C em algumas regi\u00f5es.<\/p>\n\n\n\n<p>De acordo com o Cemtec (Centro de Monitoramento do Tempo e do Clima), tal situa\u00e7\u00e3o meteorol\u00f3gica ocorre devido a atua\u00e7\u00e3o de um sistema de alta press\u00e3o atmosf\u00e9rica, que inibe a forma\u00e7\u00e3o de nuvens e favorece o tempo seco. Assim, a umidade relativa do ar deve ser baixa no per\u00edodo da tarde, em torno de 15% e 25%.<\/p>\n\n\n\n<p>Em Campo Grande, a m\u00ednima prevista \u00e9 de 16\u00b0C e a m\u00e1xima de 31\u00b0C. Em Dourados, os valores variam entre 11\u00b0C e 27\u00b0C. Na fronteira com o Paraguai, Ponta Por\u00e3 amanhece com 13\u00b0C e chega aos 27\u00b0C nos hor\u00e1rios mais quentes do dia. Nas regi\u00f5es Cone-Sul e Leste, Iguatemi e Anauril\u00e2ndia t\u00eam m\u00ednimas de 11\u00b0C e m\u00e1ximas de 27\u00b0C e 29\u00b0C, respectivamente.<\/p>\n\n\n\n<p>No Bols\u00e3o, os term\u00f4metros em Parana\u00edba marcam 12\u00b0C inicialmente e chegam aos 33\u00b0C; Tr\u00eas Lagoas, na mesma regi\u00e3o, tem m\u00ednima de 11\u00b0C e m\u00e1xima de 30\u00b0C. Coxim, na regi\u00e3o norte, registra 17\u00b0C pela manh\u00e3 e 33\u00b0C \u00e0 tarde.<\/p>\n\n\n\n<p>Corumb\u00e1, no Pantanal, inicia o dia com 17\u00b0C e atinge m\u00e1xima de 32\u00b0C, j\u00e1 no munic\u00edpio de Aquidauana a m\u00ednima \u00e9 de 16\u00b0C e a m\u00e1xima de 31\u00b0C. Na regi\u00e3o sudoeste, as temperaturas em Porto Murtinho come\u00e7am em 14\u00b0C e sobem at\u00e9 33\u00b0C nesta quarta-feira.<\/p>\n\n\n\n<figure class=\"wp-block-image\"><a href=\"https:\/\/agenciadenoticias.ms.gov.br\/wp-content\/uploads\/2024\/08\/Mapa-Previsao-28-08-24.jpeg\"><img decoding=\"async\" src=\"https:\/\/agenciadenoticias.ms.gov.br\/wp-content\/uploads\/2024\/08\/Mapa-Previsao-28-08-24-1024x724.jpeg\" alt=\"\"\/><\/a><\/figure>\n\n\n\n<p><em>Heloisa Duim, Programa de Est\u00e1gio Supervisionado<\/em><br><em>Foto: Bruno Rezende<\/em><\/p>\n","protected":false},"excerpt":{"rendered":"<p>Para esta quarta-feira (28), a previs\u00e3o indica tempo est\u00e1vel em Mato Grosso do Sul, com sol e varia\u00e7\u00e3o de nebulosidade.<\/p>\n","protected":false},"author":1,"featured_media":7247,"comment_status":"open","ping_status":"open","sticky":false,"template":"","format":"standard","meta":{"footnotes":""},"categories":[2],"tags":[],"class_list":["post-7246","post","type-post","status-publish","format-standard","has-post-thumbnail","hentry","category-noticias"],"_links":{"self":[{"href":"https:\/\/jornaloalvorada.com.br\/site\/wp-json\/wp\/v2\/posts\/7246","targetHints":{"allow":["GET"]}}],"collection":[{"href":"https:\/\/jornaloalvorada.com.br\/site\/wp-json\/wp\/v2\/posts"}],"about":[{"href":"https:\/\/jornaloalvorada.com.br\/site\/wp-json\/wp\/v2\/types\/post"}],"author":[{"embeddable":true,"href":"https:\/\/jornaloalvorada.com.br\/site\/wp-json\/wp\/v2\/users\/1"}],"replies":[{"embeddable":true,"href":"https:\/\/jornaloalvorada.com.br\/site\/wp-json\/wp\/v2\/comments?post=7246"}],"version-history":[{"count":1,"href":"https:\/\/jornaloalvorada.com.br\/site\/wp-json\/wp\/v2\/posts\/7246\/revisions"}],"predecessor-version":[{"id":7248,"href":"https:\/\/jornaloalvorada.com.br\/site\/wp-json\/wp\/v2\/posts\/7246\/revisions\/7248"}],"wp:featuredmedia":[{"embeddable":true,"href":"https:\/\/jornaloalvorada.com.br\/site\/wp-json\/wp\/v2\/media\/7247"}],"wp:attachment":[{"href":"https:\/\/jornaloalvorada.com.br\/site\/wp-json\/wp\/v2\/media?parent=7246"}],"wp:term":[{"taxonomy":"category","embeddable":true,"href":"https:\/\/jornaloalvorada.com.br\/site\/wp-json\/wp\/v2\/categories?post=7246"},{"taxonomy":"post_tag","embeddable":true,"href":"https:\/\/jornaloalvorada.com.br\/site\/wp-json\/wp\/v2\/tags?post=7246"}],"curies":[{"name":"wp","href":"https:\/\/api.w.org\/{rel}","templated":true}]}}