{"id":7243,"date":"2024-08-28T08:31:10","date_gmt":"2024-08-28T12:31:10","guid":{"rendered":"https:\/\/jornaloalvorada.com.br\/site\/?p=7243"},"modified":"2024-08-28T08:31:12","modified_gmt":"2024-08-28T12:31:12","slug":"nossa-historia-quem-somos-e-o-que-fazemos","status":"publish","type":"post","link":"https:\/\/jornaloalvorada.com.br\/site\/2024\/08\/28\/nossa-historia-quem-somos-e-o-que-fazemos\/","title":{"rendered":"\u201cNossa Hist\u00f3ria: Quem somos e o que fazemos\u201d"},"content":{"rendered":"\n<p>Dando continuidade as Programa\u00e7\u00f5es realizadas com todo amor e carinho, em virtude da Semana Nacional da Pessoa com Defici\u00eancia Intelectual e M\u00faltipla.<\/p>\n\n\n\n<p>\u201cNossa Hist\u00f3ria: Quem somos e o que fazemos\u201d<\/p>\n\n\n\n<p>Na sexta-feira (23 de Agosto), foi realizado um lindo passeio em Campo Grande. A primeira parada foi no Bioparque Pantanal, momento de divers\u00e3o, conhecimento e lazer. A segunda parada foi no Shopping Campo Grande, os alunos se divertiram, passearam pelo Shopping, ficaram encantados com as vitrines e aproveitaram para almo\u00e7ar na pra\u00e7a de alimenta\u00e7\u00e3o, cada um escolhendo o prato que mais lhe agradassem!<\/p>\n\n\n\n<p>Um passeio \u00fanico, que com toda certeza ficar\u00e1 guardado nas melhores lembran\u00e7as de cada um. E a certeza que temos dessa semana \u00e9: eles estiveram em todos os lugares poss\u00edveis e inimagin\u00e1veis!<\/p>\n","protected":false},"excerpt":{"rendered":"<p>Dando continuidade as Programa\u00e7\u00f5es realizadas com todo amor e carinho, em virtude da Semana Nacional da Pessoa com Defici\u00eancia Intelectual<\/p>\n","protected":false},"author":1,"featured_media":7244,"comment_status":"open","ping_status":"open","sticky":false,"template":"","format":"standard","meta":{"footnotes":""},"categories":[3],"tags":[],"class_list":["post-7243","post","type-post","status-publish","format-standard","has-post-thumbnail","hentry","category-social"],"_links":{"self":[{"href":"https:\/\/jornaloalvorada.com.br\/site\/wp-json\/wp\/v2\/posts\/7243","targetHints":{"allow":["GET"]}}],"collection":[{"href":"https:\/\/jornaloalvorada.com.br\/site\/wp-json\/wp\/v2\/posts"}],"about":[{"href":"https:\/\/jornaloalvorada.com.br\/site\/wp-json\/wp\/v2\/types\/post"}],"author":[{"embeddable":true,"href":"https:\/\/jornaloalvorada.com.br\/site\/wp-json\/wp\/v2\/users\/1"}],"replies":[{"embeddable":true,"href":"https:\/\/jornaloalvorada.com.br\/site\/wp-json\/wp\/v2\/comments?post=7243"}],"version-history":[{"count":1,"href":"https:\/\/jornaloalvorada.com.br\/site\/wp-json\/wp\/v2\/posts\/7243\/revisions"}],"predecessor-version":[{"id":7245,"href":"https:\/\/jornaloalvorada.com.br\/site\/wp-json\/wp\/v2\/posts\/7243\/revisions\/7245"}],"wp:featuredmedia":[{"embeddable":true,"href":"https:\/\/jornaloalvorada.com.br\/site\/wp-json\/wp\/v2\/media\/7244"}],"wp:attachment":[{"href":"https:\/\/jornaloalvorada.com.br\/site\/wp-json\/wp\/v2\/media?parent=7243"}],"wp:term":[{"taxonomy":"category","embeddable":true,"href":"https:\/\/jornaloalvorada.com.br\/site\/wp-json\/wp\/v2\/categories?post=7243"},{"taxonomy":"post_tag","embeddable":true,"href":"https:\/\/jornaloalvorada.com.br\/site\/wp-json\/wp\/v2\/tags?post=7243"}],"curies":[{"name":"wp","href":"https:\/\/api.w.org\/{rel}","templated":true}]}}