{"id":7232,"date":"2024-08-27T09:10:16","date_gmt":"2024-08-27T13:10:16","guid":{"rendered":"https:\/\/jornaloalvorada.com.br\/site\/?p=7232"},"modified":"2024-08-27T09:10:18","modified_gmt":"2024-08-27T13:10:18","slug":"trineto-do-fundador-de-campo-grande-beto-diz-que-quer-conduzir-a-cidade-para-o-futuro","status":"publish","type":"post","link":"https:\/\/jornaloalvorada.com.br\/site\/2024\/08\/27\/trineto-do-fundador-de-campo-grande-beto-diz-que-quer-conduzir-a-cidade-para-o-futuro\/","title":{"rendered":"Trineto do fundador de Campo Grande, Beto diz que quer conduzir a cidade para o futuro"},"content":{"rendered":"\n<p>Trineto do fundador de Campo Grande, Beto Pereira (PSDB) afirma que que ser prefeito para conduzir a cidade ao futuro. Nesta segunda-feira (dia 26), Campo Grande comemora anivers\u00e1rio de 125 anos.<\/p>\n\n\n\n<p>\u201cAp\u00f3s Jos\u00e9 Ant\u00f4nio Pereira ter vislumbrado \u2018as grandezas de uma promessa, uma terra que come\u00e7a\u2019, seu trineto, Humberto Rezende Pereira, o Beto Pereira, renova o esp\u00edrito desenvolvimentista e de amor por esta terra\u201d, informa o material de campanha.<\/p>\n\n\n\n<p>Desta forma, ele se apresenta como o candidato capaz de dar continuidade ao sonho de fazer a cidade prosperar.<\/p>\n\n\n\n<p>\u201cNascido em Campo Grande no dia 14 de novembro de 1977, filho de Valter Pereira e de Lucimar Rezende Pereira, casado com Sonaira Barbosa e pai de Humberto e Isabela, Beto Pereira \u00e9 candidato a prefeito de Campo Grande com o objetivo de dar continuidade ao sonho dos primeiros habitantes desta cidade: torn\u00e1-la pr\u00f3spera\u201d, aponta o material de divulga\u00e7\u00e3o do tucano.<\/p>\n\n\n\n<p>Beto afirma que destinou R$ 380 milh\u00f5es para Campo Grande durante os dois mandatos de deputado federal, com emendas para hospitais, associa\u00e7\u00f5es, entidades assistenciais,&nbsp;<a href=\"https:\/\/ojacare.com.br\/2024\/08\/26\/trineto-do-fundador-de-campo-grande-beto-diz-que-quer-conduzir-a-cidade-para-o-futuro\/#\">&nbsp;Educa\u00e7\u00e3o<\/a>, Esporte, Assist\u00eancia Social, Sa\u00fade e Infraestrutura.<br><br>Graduado em Direito, o pol\u00edtico foi prefeito de Terenos por dois mandatos, presidente da Assomasul (Associa\u00e7\u00e3o dos Munic\u00edpios de Mato Grosso do Sul) e deputado estadual.<\/p>\n\n\n\n<p>\u201cQuando olho para o passado, me vejo refletido nesta saga de amor e de confian\u00e7a no futuro. Nossa Campo Grande surgiu de uma paix\u00e3o, da certeza de que com trabalho, dedica\u00e7\u00e3o e respeito m\u00fatuo podemos construir nosso futuro. Sou apenas mais um campo-grandense e \u00e9 isso o que eu quero para todos os meus conterr\u00e2neos: a confian\u00e7a de que podemos construir uma cidade ainda melhor, com muito suor e responsabilidade\u201d, afirma.<\/p>\n\n\n\n<p>Beto Pereira \u00e9 candidato a prefeito pela coliga\u00e7\u00e3o \u201cJuntos pela Mudan\u00e7a\u201d, formada pelos partidos da federa\u00e7\u00e3o PSDB\/Cidadania, al\u00e9m de PSD, PSB, Podemos, MDB, Solidariedade, Republicanos e PL.<\/p>\n\n\n\n<p><strong><em>Fonte: O Jacar\u00e9<\/em><\/strong><\/p>\n","protected":false},"excerpt":{"rendered":"<p>Trineto do fundador de Campo Grande, Beto Pereira (PSDB) afirma que que ser prefeito para conduzir a cidade ao futuro.<\/p>\n","protected":false},"author":1,"featured_media":7233,"comment_status":"open","ping_status":"open","sticky":false,"template":"","format":"standard","meta":{"footnotes":""},"categories":[2],"tags":[],"class_list":["post-7232","post","type-post","status-publish","format-standard","has-post-thumbnail","hentry","category-noticias"],"_links":{"self":[{"href":"https:\/\/jornaloalvorada.com.br\/site\/wp-json\/wp\/v2\/posts\/7232","targetHints":{"allow":["GET"]}}],"collection":[{"href":"https:\/\/jornaloalvorada.com.br\/site\/wp-json\/wp\/v2\/posts"}],"about":[{"href":"https:\/\/jornaloalvorada.com.br\/site\/wp-json\/wp\/v2\/types\/post"}],"author":[{"embeddable":true,"href":"https:\/\/jornaloalvorada.com.br\/site\/wp-json\/wp\/v2\/users\/1"}],"replies":[{"embeddable":true,"href":"https:\/\/jornaloalvorada.com.br\/site\/wp-json\/wp\/v2\/comments?post=7232"}],"version-history":[{"count":1,"href":"https:\/\/jornaloalvorada.com.br\/site\/wp-json\/wp\/v2\/posts\/7232\/revisions"}],"predecessor-version":[{"id":7234,"href":"https:\/\/jornaloalvorada.com.br\/site\/wp-json\/wp\/v2\/posts\/7232\/revisions\/7234"}],"wp:featuredmedia":[{"embeddable":true,"href":"https:\/\/jornaloalvorada.com.br\/site\/wp-json\/wp\/v2\/media\/7233"}],"wp:attachment":[{"href":"https:\/\/jornaloalvorada.com.br\/site\/wp-json\/wp\/v2\/media?parent=7232"}],"wp:term":[{"taxonomy":"category","embeddable":true,"href":"https:\/\/jornaloalvorada.com.br\/site\/wp-json\/wp\/v2\/categories?post=7232"},{"taxonomy":"post_tag","embeddable":true,"href":"https:\/\/jornaloalvorada.com.br\/site\/wp-json\/wp\/v2\/tags?post=7232"}],"curies":[{"name":"wp","href":"https:\/\/api.w.org\/{rel}","templated":true}]}}