{"id":7195,"date":"2024-08-22T08:14:30","date_gmt":"2024-08-22T12:14:30","guid":{"rendered":"https:\/\/jornaloalvorada.com.br\/site\/?p=7195"},"modified":"2024-08-22T08:14:32","modified_gmt":"2024-08-22T12:14:32","slug":"aniversario-do-ex-vereador-helio-cesar","status":"publish","type":"post","link":"https:\/\/jornaloalvorada.com.br\/site\/2024\/08\/22\/aniversario-do-ex-vereador-helio-cesar\/","title":{"rendered":"Anivers\u00e1rio do ex-vereador H\u00e9lio C\u00e9sar"},"content":{"rendered":"\n<p>NIVER-IMPLACOU IDADE NOVA O DIN\u00c2MICO EX VEREADOR H\u00c9LIO C\u00c9SAR!21-08-PARABENS!FELICIDADES !<\/p>\n","protected":false},"excerpt":{"rendered":"<p>NIVER-IMPLACOU IDADE NOVA O DIN\u00c2MICO EX VEREADOR H\u00c9LIO C\u00c9SAR!21-08-PARABENS!FELICIDADES !<\/p>\n","protected":false},"author":1,"featured_media":7196,"comment_status":"open","ping_status":"open","sticky":false,"template":"","format":"standard","meta":{"footnotes":""},"categories":[3],"tags":[],"class_list":["post-7195","post","type-post","status-publish","format-standard","has-post-thumbnail","hentry","category-social"],"_links":{"self":[{"href":"https:\/\/jornaloalvorada.com.br\/site\/wp-json\/wp\/v2\/posts\/7195","targetHints":{"allow":["GET"]}}],"collection":[{"href":"https:\/\/jornaloalvorada.com.br\/site\/wp-json\/wp\/v2\/posts"}],"about":[{"href":"https:\/\/jornaloalvorada.com.br\/site\/wp-json\/wp\/v2\/types\/post"}],"author":[{"embeddable":true,"href":"https:\/\/jornaloalvorada.com.br\/site\/wp-json\/wp\/v2\/users\/1"}],"replies":[{"embeddable":true,"href":"https:\/\/jornaloalvorada.com.br\/site\/wp-json\/wp\/v2\/comments?post=7195"}],"version-history":[{"count":1,"href":"https:\/\/jornaloalvorada.com.br\/site\/wp-json\/wp\/v2\/posts\/7195\/revisions"}],"predecessor-version":[{"id":7197,"href":"https:\/\/jornaloalvorada.com.br\/site\/wp-json\/wp\/v2\/posts\/7195\/revisions\/7197"}],"wp:featuredmedia":[{"embeddable":true,"href":"https:\/\/jornaloalvorada.com.br\/site\/wp-json\/wp\/v2\/media\/7196"}],"wp:attachment":[{"href":"https:\/\/jornaloalvorada.com.br\/site\/wp-json\/wp\/v2\/media?parent=7195"}],"wp:term":[{"taxonomy":"category","embeddable":true,"href":"https:\/\/jornaloalvorada.com.br\/site\/wp-json\/wp\/v2\/categories?post=7195"},{"taxonomy":"post_tag","embeddable":true,"href":"https:\/\/jornaloalvorada.com.br\/site\/wp-json\/wp\/v2\/tags?post=7195"}],"curies":[{"name":"wp","href":"https:\/\/api.w.org\/{rel}","templated":true}]}}