{"id":7192,"date":"2024-08-22T08:11:37","date_gmt":"2024-08-22T12:11:37","guid":{"rendered":"https:\/\/jornaloalvorada.com.br\/site\/?p=7192"},"modified":"2024-08-22T08:11:39","modified_gmt":"2024-08-22T12:11:39","slug":"ms-pode-registrar-temperaturas-de-ate-40c-nesta-quarta","status":"publish","type":"post","link":"https:\/\/jornaloalvorada.com.br\/site\/2024\/08\/22\/ms-pode-registrar-temperaturas-de-ate-40c-nesta-quarta\/","title":{"rendered":"MS pode registrar temperaturas de at\u00e9 40\u00b0C nesta quarta"},"content":{"rendered":"\n<p>Com perman\u00eancia de tempo firme, a previs\u00e3o para esta quarta-feira (21) indica sol e poucas nuvens devido a atua\u00e7\u00e3o de uma massa de ar quente e seca em Mato Grosso do Sul. Ainda, s\u00e3o esperadas temperaturas acima da m\u00e9dia, entre 37\u00b0C e 41\u00b0C, e baixa umidade relativa do ar com valores entre 10% e 20%.<\/p>\n\n\n\n<p>De acordo com o Cemtec (Centro de Monitoramento do Tempo e do Clima), a condi\u00e7\u00e3o meteorol\u00f3gica prevista torna o ambiente atmosf\u00e9rico prop\u00edcio para a ocorr\u00eancia de inc\u00eandios florestais. Por isso, recomenda-se que a popula\u00e7\u00e3o n\u00e3o ateie fogo em nenhuma situa\u00e7\u00e3o, e, ainda, cuide da sa\u00fade bebendo \u00e1gua e umidificando os ambientes.<\/p>\n\n\n\n<p>Em Campo Grande, a m\u00ednima prevista \u00e9 de 25\u00b0C e a m\u00e1xima de 37\u00b0C. Em Dourados, os term\u00f4metros marcam 19\u00b0C inicialmente e chegam aos 38\u00b0C nos hor\u00e1rios mais quentes. Na fronteira com o Paraguai, Ponta Por\u00e3 apresenta varia\u00e7\u00e3o entre 22\u00b0C e 34\u00b0C. Iguatemi, na regi\u00e3o Leste, tem m\u00ednima de 21\u00b0C e m\u00e1xima de 36\u00b0C.<\/p>\n\n\n\n<p>Parana\u00edba, no Bols\u00e3o, amanhece com 18\u00b0C e registra 36\u00b0C \u00e0 tarde, j\u00e1 Tr\u00eas Lagoas, na mesma regi\u00e3o, tem m\u00ednima de 19\u00b0C e m\u00e1xima de 37\u00b0C. Na regi\u00e3o Norte, os valores em Coxim e Camapu\u00e3 variam entre 21\u00b0C e 37\u00b0C.<\/p>\n\n\n\n<p>No Pantanal, Corumb\u00e1 tem m\u00ednima de 26\u00b0C e m\u00e1xima de 39\u00b0C, j\u00e1 as temperaturas em Aquidauana ficam entre 22\u00b0C e 38\u00b0C. Porto Murtinho, no Sudoeste do Estado, apresenta o valor mais alto do dia, com m\u00ednima de 23\u00b0C e m\u00e1xima de 40\u00b0C.<\/p>\n\n\n\n<figure class=\"wp-block-image\"><img decoding=\"async\" src=\"https:\/\/cdn.alvoradainforma.com.br\/uploads\/rails_admin_content_builder\/content_builder_image\/image\/23746\/center_Mapa-Previsao-21-08-24.jpeg\" alt=\"Cb image default\"\/><figcaption class=\"wp-element-caption\">Divulga\u00e7\u00e3o<\/figcaption><\/figure>\n","protected":false},"excerpt":{"rendered":"<p>Com perman\u00eancia de tempo firme, a previs\u00e3o para esta quarta-feira (21) indica sol e poucas nuvens devido a atua\u00e7\u00e3o de<\/p>\n","protected":false},"author":1,"featured_media":7193,"comment_status":"open","ping_status":"open","sticky":false,"template":"","format":"standard","meta":{"footnotes":""},"categories":[2],"tags":[],"class_list":["post-7192","post","type-post","status-publish","format-standard","has-post-thumbnail","hentry","category-noticias"],"_links":{"self":[{"href":"https:\/\/jornaloalvorada.com.br\/site\/wp-json\/wp\/v2\/posts\/7192","targetHints":{"allow":["GET"]}}],"collection":[{"href":"https:\/\/jornaloalvorada.com.br\/site\/wp-json\/wp\/v2\/posts"}],"about":[{"href":"https:\/\/jornaloalvorada.com.br\/site\/wp-json\/wp\/v2\/types\/post"}],"author":[{"embeddable":true,"href":"https:\/\/jornaloalvorada.com.br\/site\/wp-json\/wp\/v2\/users\/1"}],"replies":[{"embeddable":true,"href":"https:\/\/jornaloalvorada.com.br\/site\/wp-json\/wp\/v2\/comments?post=7192"}],"version-history":[{"count":1,"href":"https:\/\/jornaloalvorada.com.br\/site\/wp-json\/wp\/v2\/posts\/7192\/revisions"}],"predecessor-version":[{"id":7194,"href":"https:\/\/jornaloalvorada.com.br\/site\/wp-json\/wp\/v2\/posts\/7192\/revisions\/7194"}],"wp:featuredmedia":[{"embeddable":true,"href":"https:\/\/jornaloalvorada.com.br\/site\/wp-json\/wp\/v2\/media\/7193"}],"wp:attachment":[{"href":"https:\/\/jornaloalvorada.com.br\/site\/wp-json\/wp\/v2\/media?parent=7192"}],"wp:term":[{"taxonomy":"category","embeddable":true,"href":"https:\/\/jornaloalvorada.com.br\/site\/wp-json\/wp\/v2\/categories?post=7192"},{"taxonomy":"post_tag","embeddable":true,"href":"https:\/\/jornaloalvorada.com.br\/site\/wp-json\/wp\/v2\/tags?post=7192"}],"curies":[{"name":"wp","href":"https:\/\/api.w.org\/{rel}","templated":true}]}}