{"id":7167,"date":"2024-08-20T10:52:29","date_gmt":"2024-08-20T14:52:29","guid":{"rendered":"https:\/\/jornaloalvorada.com.br\/site\/?p=7167"},"modified":"2024-08-20T10:52:31","modified_gmt":"2024-08-20T14:52:31","slug":"mosquito-e-animal-que-mais-mata-no-mundo-veja-os-cuidados","status":"publish","type":"post","link":"https:\/\/jornaloalvorada.com.br\/site\/2024\/08\/20\/mosquito-e-animal-que-mais-mata-no-mundo-veja-os-cuidados\/","title":{"rendered":"Mosquito \u00e9 animal que mais mata no mundo; veja os cuidados"},"content":{"rendered":"\n<p>Em 20 de agosto de 1897, o m\u00e9dico brit\u00e2nico Ronald Ross comprovou que f\u00eameas do mosquito&nbsp;<em>Anopheles&nbsp;<\/em>eram respons\u00e1veis por casos de mal\u00e1ria registrados em humanos. A descoberta lhe rendeu o Pr\u00eamio Nobel de Medicina mais de um s\u00e9culo depois, em 1902, e, atualmente, marca o Dia Mundial do Mosquito, lembrado nesta ter\u00e7a-feira (20).<img decoding=\"async\" src=\"https:\/\/agenciabrasil.ebc.com.br\/ebc.png?id=1608548&amp;o=node\"><img decoding=\"async\" src=\"https:\/\/agenciabrasil.ebc.com.br\/ebc.gif?id=1608548&amp;o=node\"><\/p>\n\n\n\n<p>A proposta da data \u00e9, anualmente, relembrar a contribui\u00e7\u00e3o do m\u00e9dico para o combate \u00e0 mal\u00e1ria e ampliar a consciencializa\u00e7\u00e3o sobre outras doen\u00e7as igualmente transmitidas por mosquitos. A lista, de acordo com a Organiza\u00e7\u00e3o Mundial da Sa\u00fade (OMS), inclui ainda dengue, febre do Oropouche,&nbsp;<em>chikungunya<\/em>,&nbsp;<em>zika<\/em>&nbsp;e febre amarela.<\/p>\n\n\n\n<p>\u201cEnfermidades transmitidas por mosquitos colocam a vida de bilh\u00f5es de pessoas em risco. Mas essas doen\u00e7as podem ser prevenidas\u201d, destacou a OMS. Como n\u00e3o h\u00e1 vacina para grande parte das infec\u00e7\u00f5es provocadas por mosquitos, a recomenda\u00e7\u00e3o de autoridades sanit\u00e1rias em todo o mundo \u00e9 prevenir a picada para se proteger de potenciais riscos.<\/p>\n\n\n\n<p>O Centro de Controle e Preven\u00e7\u00e3o dos Estados Unidos (CDC, na sigla em ingl\u00eas), alerta que o mosquito \u00e9 respons\u00e1vel por mais doen\u00e7as e mortes que qualquer outro animal no planeta. Dentre as estrat\u00e9gias de preven\u00e7\u00e3o listadas est\u00e3o o uso de repelentes e de cal\u00e7as e camisas de manga comprida, al\u00e9m do controle do mosquito em ambientes internos e externos.<\/p>\n\n\n\n<h2 class=\"wp-block-heading\">Repelentes<\/h2>\n\n\n\n<p>Quando utilizados de forma correta e conforme previsto no r\u00f3tulo, os repelentes, segundo o CDC, s\u00e3o indicados, inclusive, para crian\u00e7as e gestantes. No caso de beb\u00eas e crian\u00e7as pequenas, a orienta\u00e7\u00e3o \u00e9 consultar o pediatra para avaliar o uso do produto, al\u00e9m de vestir a crian\u00e7a com roupas que cubram bra\u00e7os e pernas e utilizar mosquiteiros sobre ber\u00e7os e carrinhos.<\/p>\n\n\n\n<p>Outra orienta\u00e7\u00e3o importante \u00e9 reaplicar o repelente conforme recomendado no r\u00f3tulo do produto \u2013 geralmente, ap\u00f3s longos per\u00edodos desde a \u00faltima aplica\u00e7\u00e3o e ap\u00f3s contato com \u00e1gua ou suor. Quando o uso do repelente for feito de forma concomitante com o protetor solar, o repelente deve ser aplicado somente ap\u00f3s o protetor.<\/p>\n\n\n\n<h2 class=\"wp-block-heading\">Controle da circula\u00e7\u00e3o<\/h2>\n\n\n\n<p>Para o controle da circula\u00e7\u00e3o de mosquitos em ambientes internos, o CDC recomenda o uso de telas em janelas e portas para manter o vetor do lado de fora e o uso de aparelhos de ar condicionado, sempre que poss\u00edvel (o equipamento reduz a umidade do ar e torna o ambiente mais frio e, consequentemente, mais hostil ao mosquito).<\/p>\n\n\n\n<p>Outra orienta\u00e7\u00e3o bastante conhecida por muitos brasileiros \u00e9 eliminar potenciais focos do mosquito &#8211; &nbsp;vasos de planta e outros reservat\u00f3rios de \u00e1gua parada, al\u00e9m de, pelo menos uma vez por semana, enxaguar e esfregar bem objetos que comumente acumulam \u00e1gua, como pneus, baldes, brinquedos, piscinas infl\u00e1veis e lixeiras.<\/p>\n\n\n\n<h2 class=\"wp-block-heading\">Sinais de alerta<\/h2>\n\n\n\n<p>Dentre os sintomas classificados pelo Minist\u00e9rio da Sa\u00fade como sinais de alerta para arboviroses como dengue,&nbsp;<em>zika<\/em>,&nbsp;<em>chikugunya<\/em>, mal\u00e1ria e febre do Oropouche est\u00e3o:<\/p>\n\n\n\n<p>&#8211; febre alta e\/ou persistente;<\/p>\n\n\n\n<p>&#8211; dores musculares e nas articula\u00e7\u00f5es;<\/p>\n\n\n\n<p>&#8211; manchas vermelhas (exantema);<\/p>\n\n\n\n<p>&#8211; dor de cabe\u00e7a ou atr\u00e1s dos olhos;<\/p>\n\n\n\n<p>&#8211; diarreia e\/ou dor forte na barriga;<\/p>\n\n\n\n<p>&#8211; press\u00e3o baixa;<\/p>\n\n\n\n<p>&#8211; n\u00e1usea e v\u00f4mitos frequentes;<\/p>\n\n\n\n<p>&#8211; agita\u00e7\u00e3o ou sonol\u00eancia;<\/p>\n\n\n\n<p>&#8211; sangramento espont\u00e2neo;<\/p>\n\n\n\n<p>&#8211; diminui\u00e7\u00e3o da urina;<\/p>\n\n\n\n<p>&#8211; extremidades frias.<\/p>\n\n\n\n<p>Em caso de sintomas, a orienta\u00e7\u00e3o \u00e9 procurar uma unidade de sa\u00fade e n\u00e3o tomar medica\u00e7\u00f5es por conta pr\u00f3pria. Pessoas com doen\u00e7as cr\u00f4nicas, gestantes, crian\u00e7as menores de dois anos e idosos acima de 65 anos s\u00e3o mais suscet\u00edveis a complica\u00e7\u00f5es provocadas por doen\u00e7as transmitidas por mosquitos. Nesses casos, os cuidados devem ser redobrados.<\/p>\n\n\n\n<figure class=\"wp-block-image\"><img decoding=\"async\" src=\"https:\/\/imagens.ebc.com.br\/I9Nf66sjc5NPjHiYI_mkaUbRXQE=\/754x0\/smart\/https:\/\/agenciabrasil.ebc.com.br\/sites\/default\/files\/thumbnails\/image\/dengue_1.png?itok=yQKmDQis\" alt=\"arte dengue \" title=\"Arte\/Ag\u00eancia Brasil\"\/><\/figure>\n\n\n\n<p>arte dengue &#8211;&nbsp;<strong>Arte\/Ag\u00eancia Brasil<\/strong><\/p>\n","protected":false},"excerpt":{"rendered":"<p>Em 20 de agosto de 1897, o m\u00e9dico brit\u00e2nico Ronald Ross comprovou que f\u00eameas do mosquito&nbsp;Anopheles&nbsp;eram respons\u00e1veis por casos de<\/p>\n","protected":false},"author":1,"featured_media":7168,"comment_status":"open","ping_status":"open","sticky":false,"template":"","format":"standard","meta":{"footnotes":""},"categories":[2],"tags":[],"class_list":["post-7167","post","type-post","status-publish","format-standard","has-post-thumbnail","hentry","category-noticias"],"_links":{"self":[{"href":"https:\/\/jornaloalvorada.com.br\/site\/wp-json\/wp\/v2\/posts\/7167","targetHints":{"allow":["GET"]}}],"collection":[{"href":"https:\/\/jornaloalvorada.com.br\/site\/wp-json\/wp\/v2\/posts"}],"about":[{"href":"https:\/\/jornaloalvorada.com.br\/site\/wp-json\/wp\/v2\/types\/post"}],"author":[{"embeddable":true,"href":"https:\/\/jornaloalvorada.com.br\/site\/wp-json\/wp\/v2\/users\/1"}],"replies":[{"embeddable":true,"href":"https:\/\/jornaloalvorada.com.br\/site\/wp-json\/wp\/v2\/comments?post=7167"}],"version-history":[{"count":1,"href":"https:\/\/jornaloalvorada.com.br\/site\/wp-json\/wp\/v2\/posts\/7167\/revisions"}],"predecessor-version":[{"id":7169,"href":"https:\/\/jornaloalvorada.com.br\/site\/wp-json\/wp\/v2\/posts\/7167\/revisions\/7169"}],"wp:featuredmedia":[{"embeddable":true,"href":"https:\/\/jornaloalvorada.com.br\/site\/wp-json\/wp\/v2\/media\/7168"}],"wp:attachment":[{"href":"https:\/\/jornaloalvorada.com.br\/site\/wp-json\/wp\/v2\/media?parent=7167"}],"wp:term":[{"taxonomy":"category","embeddable":true,"href":"https:\/\/jornaloalvorada.com.br\/site\/wp-json\/wp\/v2\/categories?post=7167"},{"taxonomy":"post_tag","embeddable":true,"href":"https:\/\/jornaloalvorada.com.br\/site\/wp-json\/wp\/v2\/tags?post=7167"}],"curies":[{"name":"wp","href":"https:\/\/api.w.org\/{rel}","templated":true}]}}