{"id":7164,"date":"2024-08-20T07:44:00","date_gmt":"2024-08-20T11:44:00","guid":{"rendered":"https:\/\/jornaloalvorada.com.br\/site\/?p=7164"},"modified":"2024-08-20T10:47:59","modified_gmt":"2024-08-20T14:47:59","slug":"filhas-de-silvio-santos-agradecem-carinho-do-publico-ao-deixarem-sepultamento-do-pai","status":"publish","type":"post","link":"https:\/\/jornaloalvorada.com.br\/site\/2024\/08\/20\/filhas-de-silvio-santos-agradecem-carinho-do-publico-ao-deixarem-sepultamento-do-pai\/","title":{"rendered":"Filhas de Silvio Santos agradecem carinho do p\u00fablico ao deixarem sepultamento do pai"},"content":{"rendered":"\n<p>O Brasil se despediu de um dos maiores \u00edcones da televis\u00e3o, Silvio Santos. O apresentador, que marcou gera\u00e7\u00f5es com seu carisma e talento, foi sepultado em uma cerim\u00f4nia privada, de acordo com seu \u00faltimo desejo. As filhas, Daniela Beyruti e Rebeca Abravanel, agradeceram o imenso carinho dos f\u00e3s que aguardavam na porta do cemit\u00e9rio.<\/p>\n\n\n\n<p>Comunicado divulgado pela fam\u00edlia Abravanel e pelo SBT explica que o sil\u00eancio e a discri\u00e7\u00e3o foram escolhas de Silvio ao longo de sua vida. Durante a cerim\u00f4nia, um ponto ficou claro: Silvio desejava uma despedida sem grandes alardes, seguindo as tradi\u00e7\u00f5es judaicas e respeitando sua vontade.<\/p>\n\n\n\n<h2 class=\"wp-block-heading\">\u00daltimo desejo: Silvio Santos \u00e9 sepultado sem vel\u00f3rio p\u00fablico<\/h2>\n\n\n\n<p>A decis\u00e3o de n\u00e3o realizar um vel\u00f3rio p\u00fablico foi comunicada atrav\u00e9s de uma nota oficial. Segundo a fam\u00edlia, Silvio sempre quis evitar a explora\u00e7\u00e3o de sua passagem, preferindo ser lembrado pela alegria com que viveu. Isso reflete a autenticidade pela qual era conhecido, escolhendo uma despedida mais modesta.<\/p>\n\n\n\n<p>O apresentador pediu que seu funeral fosse direto ao cemit\u00e9rio, sem grandes cerim\u00f4nias. Durante sua vida, Silvio expressou mais de uma vez o desejo de ser celebrado em vida e n\u00e3o na morte, reiterando sua prefer\u00eancia por uma cerim\u00f4nia privada.<\/p>\n\n\n\n<p>Muitos se perguntaram sobre a aus\u00eancia de um vel\u00f3rio p\u00fablico e a resposta \u00e9 simples: era um desejo de Silvio Santos. Em diversas ocasi\u00f5es, ele manifestou a vontade de evitar que sua morte fosse explorada midiaticamente. A fam\u00edlia poderia ter optado por uma despedida aberta ao p\u00fablico, mas escolheu respeitar os desejos do patriarca.<\/p>\n\n\n\n<p>Nesse sentido, o comunicado do SBT destacou a import\u00e2ncia de lembrar Silvio pela alegria e entusiasmo que ele trouxe aos lares brasileiros, e n\u00e3o pela tristeza de sua partida. \u201cEle gostava de ser celebrado em vida e gostaria de ser lembrado com a alegria com que ele viveu\u201d, refor\u00e7a a nota.<\/p>\n\n\n\n<h2 class=\"wp-block-heading\">Rea\u00e7\u00e3o do p\u00fablico<\/h2>\n\n\n\n<p>A rea\u00e7\u00e3o do p\u00fablico demonstra o respeito e a devo\u00e7\u00e3o que Silvio Santos conquistou ao longo de sua carreira. Mesmo sem a possibilidade de um vel\u00f3rio p\u00fablico, muitos f\u00e3s se dirigiram ao cemit\u00e9rio para prestar suas \u00faltimas homenagens e agradecer por tantas mem\u00f3rias proporcionadas pelo \u201cPatr\u00e3o\u201d.<\/p>\n\n\n\n<p>As filhas do apresentador, Daniela Beyruti e Rebeca Abravanel, emocionadas, fizeram quest\u00e3o de agradecer o carinho demonstrado pelo p\u00fablico. A presen\u00e7a e o apoio dos f\u00e3s foram fundamentais para a fam\u00edlia durante esse momento de luto.<\/p>\n\n\n\n<h2 class=\"wp-block-heading\">A Legado de Silvio Santos<\/h2>\n\n\n\n<p>Silvio Santos deixou um legado imenso na televis\u00e3o brasileira. Conhecido por sua capacidade de se reinventar e pelo carisma inigual\u00e1vel, o apresentador foi respons\u00e1vel por in\u00fameras inova\u00e7\u00f5es no mundo do entretenimento. O \u201cPrograma Silvio Santos\u201d \u00e9 um marco na hist\u00f3ria da TV, com quadros ic\u00f4nicos que permanecem vivos na mem\u00f3ria dos telespectadores.<\/p>\n\n\n\n<p>Al\u00e9m disso, Silvio era um exemplo de empreendedorismo. Com a cria\u00e7\u00e3o do SBT (Sistema Brasileiro de Televis\u00e3o), ele consolidou-se como um dos maiores nomes da comunica\u00e7\u00e3o no pa\u00eds. Sua vis\u00e3o e dedica\u00e7\u00e3o revolucionaram a ind\u00fastria televisiva, garantindo sua presen\u00e7a eterna na hist\u00f3ria do Brasil.<\/p>\n\n\n\n<p>Uma das principais caracter\u00edsticas que sempre acompanhar\u00e3o a mem\u00f3ria de Silvio Santos \u00e9 a maneira como ele viveu com alegria. Sua mensagem de otimismo e suas gargalhadas contagiaram gera\u00e7\u00f5es, fazendo com que ele fosse n\u00e3o apenas um apresentador, mas uma figura querida e reconhecida em todas as partes do pa\u00eds.<\/p>\n\n\n\n<p>Apesar de sua partida, o impacto que deixou na cultura brasileira perpetuar\u00e1. Silvio Santos pode ter se despedido de forma discreta, mas seu nome e seu legado continuar\u00e3o vivos nos cora\u00e7\u00f5es e nas mentes daqueles que tiveram a honra de acompanh\u00e1-lo ao longo de suas vidas.<\/p>\n\n\n\n<p>Silvio desejava ser lembrado com as mem\u00f3rias felizes que proporcionou, e essa \u00e9 a imagem que ficar\u00e1 para sempre. Seu legado vai al\u00e9m da televis\u00e3o, ele ser\u00e1 sempre lembrado como um \u00edcone que trouxe sorrisos e momentos de felicidade para todos os cantos do Brasil.<\/p>\n\n\n\n<p><strong><em>Fonte: Terra Brasil Not\u00edcias<\/em><\/strong><\/p>\n","protected":false},"excerpt":{"rendered":"<p>O Brasil se despediu de um dos maiores \u00edcones da televis\u00e3o, Silvio Santos. O apresentador, que marcou gera\u00e7\u00f5es com seu<\/p>\n","protected":false},"author":1,"featured_media":7165,"comment_status":"open","ping_status":"open","sticky":false,"template":"","format":"standard","meta":{"footnotes":""},"categories":[2],"tags":[],"class_list":["post-7164","post","type-post","status-publish","format-standard","has-post-thumbnail","hentry","category-noticias"],"_links":{"self":[{"href":"https:\/\/jornaloalvorada.com.br\/site\/wp-json\/wp\/v2\/posts\/7164","targetHints":{"allow":["GET"]}}],"collection":[{"href":"https:\/\/jornaloalvorada.com.br\/site\/wp-json\/wp\/v2\/posts"}],"about":[{"href":"https:\/\/jornaloalvorada.com.br\/site\/wp-json\/wp\/v2\/types\/post"}],"author":[{"embeddable":true,"href":"https:\/\/jornaloalvorada.com.br\/site\/wp-json\/wp\/v2\/users\/1"}],"replies":[{"embeddable":true,"href":"https:\/\/jornaloalvorada.com.br\/site\/wp-json\/wp\/v2\/comments?post=7164"}],"version-history":[{"count":1,"href":"https:\/\/jornaloalvorada.com.br\/site\/wp-json\/wp\/v2\/posts\/7164\/revisions"}],"predecessor-version":[{"id":7166,"href":"https:\/\/jornaloalvorada.com.br\/site\/wp-json\/wp\/v2\/posts\/7164\/revisions\/7166"}],"wp:featuredmedia":[{"embeddable":true,"href":"https:\/\/jornaloalvorada.com.br\/site\/wp-json\/wp\/v2\/media\/7165"}],"wp:attachment":[{"href":"https:\/\/jornaloalvorada.com.br\/site\/wp-json\/wp\/v2\/media?parent=7164"}],"wp:term":[{"taxonomy":"category","embeddable":true,"href":"https:\/\/jornaloalvorada.com.br\/site\/wp-json\/wp\/v2\/categories?post=7164"},{"taxonomy":"post_tag","embeddable":true,"href":"https:\/\/jornaloalvorada.com.br\/site\/wp-json\/wp\/v2\/tags?post=7164"}],"curies":[{"name":"wp","href":"https:\/\/api.w.org\/{rel}","templated":true}]}}