{"id":7160,"date":"2024-08-20T10:43:44","date_gmt":"2024-08-20T14:43:44","guid":{"rendered":"https:\/\/jornaloalvorada.com.br\/site\/?p=7160"},"modified":"2024-08-20T10:43:47","modified_gmt":"2024-08-20T14:43:47","slug":"encontro-das-mulheres-sulnovaalvoradenses","status":"publish","type":"post","link":"https:\/\/jornaloalvorada.com.br\/site\/2024\/08\/20\/encontro-das-mulheres-sulnovaalvoradenses\/","title":{"rendered":"Encontro das Mulheres sulnovaalvoradenses"},"content":{"rendered":"\n<p>Est\u00e1 chegando o nosso grande evento das mulheres Sulnovaalvoradenses, com a presen\u00e7a da nossa primeira dama do Estado M\u00f4nica Riedel.<\/p>\n\n\n\n<figure class=\"wp-block-image size-full\"><img loading=\"lazy\" decoding=\"async\" width=\"800\" height=\"1000\" src=\"https:\/\/jornaloalvorada.com.br\/site\/wp-content\/uploads\/2024\/08\/encontro.jpg\" alt=\"\" class=\"wp-image-7162\" srcset=\"https:\/\/jornaloalvorada.com.br\/site\/wp-content\/uploads\/2024\/08\/encontro.jpg 800w, https:\/\/jornaloalvorada.com.br\/site\/wp-content\/uploads\/2024\/08\/encontro-240x300.jpg 240w, https:\/\/jornaloalvorada.com.br\/site\/wp-content\/uploads\/2024\/08\/encontro-768x960.jpg 768w\" sizes=\"auto, (max-width: 800px) 100vw, 800px\" \/><\/figure>\n\n\n\n<p>Data: 21 de Agosto (Quarta-Feira)<\/p>\n\n\n\n<p>Hor\u00e1rio: 18h<\/p>\n\n\n\n<p>Local: Av. 27 de Outubro &#8211; N 2529<\/p>\n\n\n\n<p>Bairro: Maria de Lourdes<\/p>\n","protected":false},"excerpt":{"rendered":"<p>Est\u00e1 chegando o nosso grande evento das mulheres Sulnovaalvoradenses, com a presen\u00e7a da nossa primeira dama do Estado M\u00f4nica Riedel.<\/p>\n","protected":false},"author":1,"featured_media":7161,"comment_status":"open","ping_status":"open","sticky":false,"template":"","format":"standard","meta":{"footnotes":""},"categories":[2],"tags":[],"class_list":["post-7160","post","type-post","status-publish","format-standard","has-post-thumbnail","hentry","category-noticias"],"_links":{"self":[{"href":"https:\/\/jornaloalvorada.com.br\/site\/wp-json\/wp\/v2\/posts\/7160","targetHints":{"allow":["GET"]}}],"collection":[{"href":"https:\/\/jornaloalvorada.com.br\/site\/wp-json\/wp\/v2\/posts"}],"about":[{"href":"https:\/\/jornaloalvorada.com.br\/site\/wp-json\/wp\/v2\/types\/post"}],"author":[{"embeddable":true,"href":"https:\/\/jornaloalvorada.com.br\/site\/wp-json\/wp\/v2\/users\/1"}],"replies":[{"embeddable":true,"href":"https:\/\/jornaloalvorada.com.br\/site\/wp-json\/wp\/v2\/comments?post=7160"}],"version-history":[{"count":1,"href":"https:\/\/jornaloalvorada.com.br\/site\/wp-json\/wp\/v2\/posts\/7160\/revisions"}],"predecessor-version":[{"id":7163,"href":"https:\/\/jornaloalvorada.com.br\/site\/wp-json\/wp\/v2\/posts\/7160\/revisions\/7163"}],"wp:featuredmedia":[{"embeddable":true,"href":"https:\/\/jornaloalvorada.com.br\/site\/wp-json\/wp\/v2\/media\/7161"}],"wp:attachment":[{"href":"https:\/\/jornaloalvorada.com.br\/site\/wp-json\/wp\/v2\/media?parent=7160"}],"wp:term":[{"taxonomy":"category","embeddable":true,"href":"https:\/\/jornaloalvorada.com.br\/site\/wp-json\/wp\/v2\/categories?post=7160"},{"taxonomy":"post_tag","embeddable":true,"href":"https:\/\/jornaloalvorada.com.br\/site\/wp-json\/wp\/v2\/tags?post=7160"}],"curies":[{"name":"wp","href":"https:\/\/api.w.org\/{rel}","templated":true}]}}