{"id":7144,"date":"2024-08-19T08:30:38","date_gmt":"2024-08-19T12:30:38","guid":{"rendered":"https:\/\/jornaloalvorada.com.br\/site\/?p=7144"},"modified":"2024-08-19T08:30:42","modified_gmt":"2024-08-19T12:30:42","slug":"semana-comeca-com-previsao-de-tempo-quente-e-seco-e-mudanca-a-partir-de-quinta-feira","status":"publish","type":"post","link":"https:\/\/jornaloalvorada.com.br\/site\/2024\/08\/19\/semana-comeca-com-previsao-de-tempo-quente-e-seco-e-mudanca-a-partir-de-quinta-feira\/","title":{"rendered":"Semana come\u00e7a com previs\u00e3o de tempo quente e seco, e mudan\u00e7a a partir de quinta-feira"},"content":{"rendered":"\n<p>A influ\u00eancia de uma massa de ar quente e seca vai resultar em mais uma segunda-feira (19) com tempo firme e poucas nuvens no Estado, conforme a previs\u00e3o meteorol\u00f3gica do Cemtec (Centro de Monitoramento do Tempo e do Clima), org\u00e3o do Governo de Mato Grosso do Sul vinculado \u00e0 Semadesc (Secretaria de Meio Ambiente, Desenvolvimento, Ci\u00eancia, Tecnologia e Inova\u00e7\u00e3o).<\/p>\n\n\n\n<p>Segundo o relat\u00f3rio do Centro, coordenado pela meteorologista Valesca Fernandes, as condi\u00e7\u00f5es meteorol\u00f3gicas prometem altas temperaturas, que podem alcan\u00e7ar 37\u00b0C a at\u00e9 40\u00b0C em v\u00e1rias regi\u00f5es do Estado. Al\u00e9m disso, a umidade relativa do ar estar\u00e1 extremamente baixa, variando entre 10% e 20%, o que pode trazer desconforto para algumas pessoas.<\/p>\n\n\n\n<p>Em Campo Grande, a temperatura m\u00ednima prevista \u00e9 de 25\u00b0C, enquanto a m\u00e1xima pode chegar aos 37\u00b0C. Tr\u00eas Lagoas ter\u00e1 uma varia\u00e7\u00e3o t\u00e9rmica de 18\u00b0C a 37\u00b0C, enquanto Dourados experimentar\u00e1 uma amplitude de 19\u00b0C a 39\u00b0C nesta segunda-feira.<\/p>\n\n\n\n<p>J\u00e1 na fronteira, em Corumb\u00e1, as temperaturas v\u00e3o de 26\u00b0C a 39\u00b0C, enquanto em Ponta Por\u00e3 a varia\u00e7\u00e3o ser\u00e1 de 22\u00b0C a 35\u00b0C, aponta o Cemtec.<\/p>\n\n\n\n<p><strong>Mudan\u00e7a durante a semana<\/strong><\/p>\n\n\n\n<p>No entanto, uma mudan\u00e7a significativa est\u00e1 prevista a partir de quinta-feira (22), quando entre a tarde e a noite come\u00e7a a se aproximar uma frente fria que dever\u00e1 provocar aumento na nebulosidade e queda nas temperaturas. Esse sistema tamb\u00e9m dever\u00e1 elevar a probabilidade de chuvas, especialmente nas regi\u00f5es sul, sudeste e sudoeste do Estado.<\/p>\n\n\n\n<figure class=\"wp-block-image\"><a href=\"https:\/\/agenciadenoticias.ms.gov.br\/wp-content\/uploads\/2024\/08\/Mapa-Previsao-19-08-24.jpeg\"><img decoding=\"async\" src=\"https:\/\/agenciadenoticias.ms.gov.br\/wp-content\/uploads\/2024\/08\/Mapa-Previsao-19-08-24-1024x724.jpeg\" alt=\"\"\/><\/a><\/figure>\n\n\n\n<p><em>Comunica\u00e7\u00e3o Governo de MS<\/em><br><em>Foto: \u00c1lvaro Rezende\/Arquivo<\/em><\/p>\n","protected":false},"excerpt":{"rendered":"<p>A influ\u00eancia de uma massa de ar quente e seca vai resultar em mais uma segunda-feira (19) com tempo firme<\/p>\n","protected":false},"author":1,"featured_media":7145,"comment_status":"open","ping_status":"open","sticky":false,"template":"","format":"standard","meta":{"footnotes":""},"categories":[2],"tags":[],"class_list":["post-7144","post","type-post","status-publish","format-standard","has-post-thumbnail","hentry","category-noticias"],"_links":{"self":[{"href":"https:\/\/jornaloalvorada.com.br\/site\/wp-json\/wp\/v2\/posts\/7144","targetHints":{"allow":["GET"]}}],"collection":[{"href":"https:\/\/jornaloalvorada.com.br\/site\/wp-json\/wp\/v2\/posts"}],"about":[{"href":"https:\/\/jornaloalvorada.com.br\/site\/wp-json\/wp\/v2\/types\/post"}],"author":[{"embeddable":true,"href":"https:\/\/jornaloalvorada.com.br\/site\/wp-json\/wp\/v2\/users\/1"}],"replies":[{"embeddable":true,"href":"https:\/\/jornaloalvorada.com.br\/site\/wp-json\/wp\/v2\/comments?post=7144"}],"version-history":[{"count":1,"href":"https:\/\/jornaloalvorada.com.br\/site\/wp-json\/wp\/v2\/posts\/7144\/revisions"}],"predecessor-version":[{"id":7146,"href":"https:\/\/jornaloalvorada.com.br\/site\/wp-json\/wp\/v2\/posts\/7144\/revisions\/7146"}],"wp:featuredmedia":[{"embeddable":true,"href":"https:\/\/jornaloalvorada.com.br\/site\/wp-json\/wp\/v2\/media\/7145"}],"wp:attachment":[{"href":"https:\/\/jornaloalvorada.com.br\/site\/wp-json\/wp\/v2\/media?parent=7144"}],"wp:term":[{"taxonomy":"category","embeddable":true,"href":"https:\/\/jornaloalvorada.com.br\/site\/wp-json\/wp\/v2\/categories?post=7144"},{"taxonomy":"post_tag","embeddable":true,"href":"https:\/\/jornaloalvorada.com.br\/site\/wp-json\/wp\/v2\/tags?post=7144"}],"curies":[{"name":"wp","href":"https:\/\/api.w.org\/{rel}","templated":true}]}}