{"id":7135,"date":"2024-08-16T15:39:12","date_gmt":"2024-08-16T19:39:12","guid":{"rendered":"https:\/\/jornaloalvorada.com.br\/site\/?p=7135"},"modified":"2024-08-16T15:51:58","modified_gmt":"2024-08-16T19:51:58","slug":"carpe-diem","status":"publish","type":"post","link":"https:\/\/jornaloalvorada.com.br\/site\/2024\/08\/16\/carpe-diem\/","title":{"rendered":"&#8220;CARPE DIEM&#8221;"},"content":{"rendered":"\n<p>Aproveite o dia.<\/p>\n\n\n\n<p>N\u00e3o deixe que termine<\/p>\n\n\n\n<p>sem ter crescido um pouco,<\/p>\n\n\n\n<p>sem ter sido feliz,<\/p>\n\n\n\n<p>sem ter alimentado seus sonhos.<\/p>\n\n\n\n<p>N\u00e3o se deixe vencer pelo des\u00e2nimo.<\/p>\n\n\n\n<p>N\u00e3o permita que ningu\u00e9m<\/p>\n\n\n\n<p>tire seu direito de se expressar,<\/p>\n\n\n\n<p>que \u00e9 quase um dever.<\/p>\n\n\n\n<p>N\u00e3o abandone seus anseios<\/p>\n\n\n\n<p>de fazer da sua vida<\/p>\n\n\n\n<p>algo extraordin\u00e1rio&#8230;<\/p>\n\n\n\n<p>N\u00e3o deixe de acreditar<\/p>\n\n\n\n<p>que as palavras e a poesia<\/p>\n\n\n\n<p>podem sim mudar o mundo;<\/p>\n\n\n\n<p>pois, aconte\u00e7a o que acontecer,<\/p>\n\n\n\n<p>nossa ess\u00eancia est\u00e1 intacta.<\/p>\n\n\n\n<p>Somos seres humanos cheios de paix\u00e3o,<\/p>\n\n\n\n<p>a vida \u00e9 deserto e \u00e9 o\u00e1sis.<\/p>\n\n\n\n<p>Nos derruba, nos fere,<\/p>\n\n\n\n<p>nos transforma em protagonistas<\/p>\n\n\n\n<p>de nossa pr\u00f3pria hist\u00f3ria.<\/p>\n\n\n\n<p>Mesmo que o vento sopre contra,<\/p>\n\n\n\n<p>a obra poderosa continua.<\/p>\n\n\n\n<p>E voc\u00ea pode acrescentar uma estrofe&#8230;<\/p>\n\n\n\n<p>Nunca pare de sonhar,<\/p>\n\n\n\n<p>pois s\u00f3 em sonhos o homem pode ser livre.<\/p>\n\n\n\n<p>N\u00e3o caia no pior dos erros: o sil\u00eancio.<\/p>\n\n\n\n<p>A maioria vive em um<\/p>\n\n\n\n<p>sil\u00eancio aterrador.<\/p>\n\n\n\n<p>N\u00e3o se resigne, fuja&#8230;<\/p>\n\n\n\n<p>&#8220;Eu solto meu grito<\/p>\n\n\n\n<p>pelos telhados deste mundo&#8221;, diz o poeta;<\/p>\n\n\n\n<p>valorize a beleza das coisas simples,<\/p>\n\n\n\n<p>pode-se fazer poesia<\/p>\n\n\n\n<p>sobre as pequenas coisas.<\/p>\n\n\n\n<p>N\u00e3o traia suas cren\u00e7as,<\/p>\n\n\n\n<p>todos merecemos ser aceitos.<\/p>\n\n\n\n<p>N\u00e3o podemos remar<\/p>\n\n\n\n<p>contra n\u00f3s mesmos,<\/p>\n\n\n\n<p>isso transforma a vida em um inferno.<\/p>\n\n\n\n<p>Desfrute do p\u00e2nico que provoca ter a vida pela frente.<\/p>\n\n\n\n<p>Viva-a intensamente, sem mediocridades.<\/p>\n\n\n\n<p>Pense que em voc\u00ea est\u00e1 o futuro,<\/p>\n\n\n\n<p>e assuma a tarefa com orgulho<\/p>\n\n\n\n<p>e sem medo.<\/p>\n\n\n\n<p>Aprenda com aqueles que podem te ensinar.<\/p>\n\n\n\n<p>As experi\u00eancias daqueles que se alimentaram dos nossos Poetas Mortos te ajudar\u00e3o a caminhar pela vida.<\/p>\n\n\n\n<p>A sociedade de hoje somos n\u00f3s, os Poetas Vivos.<\/p>\n\n\n\n<p>N\u00e3o permita que a vida passe por voc\u00ea, sem que voc\u00ea a viva!<\/p>\n\n\n\n<p>Carpe Diem!&#8221; ( Aproveite seu dia)<\/p>\n\n\n\n<p>Feliz dia dos estudantes!<\/p>\n\n\n\n<p><a href=\"https:\/\/www.facebook.com\/leia.desouzasilva?__cft__[0]=AZURgqTPPDrb3hYcViCu0lwg7ZFMahXb4xMV1ptdWQqZIOWAw7U3Sy2bmtBrNQ02-S4eKNmK2iQbFm2jBpKK8KEq2ndZLZmzojKR2GhAETY56rstLq89PPe3J7KRf4STk6E&amp;__tn__=-]K-R\">L\u00e9ia De Souza Silva<\/a><\/p>\n\n\n\n<figure class=\"wp-block-image size-large\"><img loading=\"lazy\" decoding=\"async\" width=\"1024\" height=\"576\" src=\"https:\/\/jornaloalvorada.com.br\/site\/wp-content\/uploads\/2024\/08\/nas01-1024x576.jpg\" alt=\"\" class=\"wp-image-7137\" srcset=\"https:\/\/jornaloalvorada.com.br\/site\/wp-content\/uploads\/2024\/08\/nas01-1024x576.jpg 1024w, https:\/\/jornaloalvorada.com.br\/site\/wp-content\/uploads\/2024\/08\/nas01-300x169.jpg 300w, https:\/\/jornaloalvorada.com.br\/site\/wp-content\/uploads\/2024\/08\/nas01-768x432.jpg 768w, https:\/\/jornaloalvorada.com.br\/site\/wp-content\/uploads\/2024\/08\/nas01-1536x864.jpg 1536w, https:\/\/jornaloalvorada.com.br\/site\/wp-content\/uploads\/2024\/08\/nas01.jpg 2048w\" sizes=\"auto, (max-width: 1024px) 100vw, 1024px\" \/><\/figure>\n\n\n\n<figure class=\"wp-block-image size-large\"><img loading=\"lazy\" decoding=\"async\" width=\"1024\" height=\"576\" src=\"https:\/\/jornaloalvorada.com.br\/site\/wp-content\/uploads\/2024\/08\/nas02-1024x576.jpg\" alt=\"\" class=\"wp-image-7140\" srcset=\"https:\/\/jornaloalvorada.com.br\/site\/wp-content\/uploads\/2024\/08\/nas02-1024x576.jpg 1024w, https:\/\/jornaloalvorada.com.br\/site\/wp-content\/uploads\/2024\/08\/nas02-300x169.jpg 300w, https:\/\/jornaloalvorada.com.br\/site\/wp-content\/uploads\/2024\/08\/nas02-768x432.jpg 768w, https:\/\/jornaloalvorada.com.br\/site\/wp-content\/uploads\/2024\/08\/nas02-1536x864.jpg 1536w, https:\/\/jornaloalvorada.com.br\/site\/wp-content\/uploads\/2024\/08\/nas02.jpg 2048w\" sizes=\"auto, (max-width: 1024px) 100vw, 1024px\" \/><\/figure>\n\n\n\n<figure class=\"wp-block-image size-large\"><img loading=\"lazy\" decoding=\"async\" width=\"576\" height=\"1024\" src=\"https:\/\/jornaloalvorada.com.br\/site\/wp-content\/uploads\/2024\/08\/nas03-576x1024.jpg\" alt=\"\" class=\"wp-image-7141\" srcset=\"https:\/\/jornaloalvorada.com.br\/site\/wp-content\/uploads\/2024\/08\/nas03-576x1024.jpg 576w, https:\/\/jornaloalvorada.com.br\/site\/wp-content\/uploads\/2024\/08\/nas03-169x300.jpg 169w, https:\/\/jornaloalvorada.com.br\/site\/wp-content\/uploads\/2024\/08\/nas03-768x1365.jpg 768w, https:\/\/jornaloalvorada.com.br\/site\/wp-content\/uploads\/2024\/08\/nas03-864x1536.jpg 864w, https:\/\/jornaloalvorada.com.br\/site\/wp-content\/uploads\/2024\/08\/nas03.jpg 900w\" sizes=\"auto, (max-width: 576px) 100vw, 576px\" \/><\/figure>\n","protected":false},"excerpt":{"rendered":"<p>Aproveite o dia. N\u00e3o deixe que termine sem ter crescido um pouco, sem ter sido feliz, sem ter alimentado seus<\/p>\n","protected":false},"author":1,"featured_media":7136,"comment_status":"open","ping_status":"open","sticky":false,"template":"","format":"standard","meta":{"footnotes":""},"categories":[3],"tags":[],"class_list":["post-7135","post","type-post","status-publish","format-standard","has-post-thumbnail","hentry","category-social"],"_links":{"self":[{"href":"https:\/\/jornaloalvorada.com.br\/site\/wp-json\/wp\/v2\/posts\/7135","targetHints":{"allow":["GET"]}}],"collection":[{"href":"https:\/\/jornaloalvorada.com.br\/site\/wp-json\/wp\/v2\/posts"}],"about":[{"href":"https:\/\/jornaloalvorada.com.br\/site\/wp-json\/wp\/v2\/types\/post"}],"author":[{"embeddable":true,"href":"https:\/\/jornaloalvorada.com.br\/site\/wp-json\/wp\/v2\/users\/1"}],"replies":[{"embeddable":true,"href":"https:\/\/jornaloalvorada.com.br\/site\/wp-json\/wp\/v2\/comments?post=7135"}],"version-history":[{"count":2,"href":"https:\/\/jornaloalvorada.com.br\/site\/wp-json\/wp\/v2\/posts\/7135\/revisions"}],"predecessor-version":[{"id":7142,"href":"https:\/\/jornaloalvorada.com.br\/site\/wp-json\/wp\/v2\/posts\/7135\/revisions\/7142"}],"wp:featuredmedia":[{"embeddable":true,"href":"https:\/\/jornaloalvorada.com.br\/site\/wp-json\/wp\/v2\/media\/7136"}],"wp:attachment":[{"href":"https:\/\/jornaloalvorada.com.br\/site\/wp-json\/wp\/v2\/media?parent=7135"}],"wp:term":[{"taxonomy":"category","embeddable":true,"href":"https:\/\/jornaloalvorada.com.br\/site\/wp-json\/wp\/v2\/categories?post=7135"},{"taxonomy":"post_tag","embeddable":true,"href":"https:\/\/jornaloalvorada.com.br\/site\/wp-json\/wp\/v2\/tags?post=7135"}],"curies":[{"name":"wp","href":"https:\/\/api.w.org\/{rel}","templated":true}]}}