{"id":7133,"date":"2024-08-16T08:28:51","date_gmt":"2024-08-16T12:28:51","guid":{"rendered":"https:\/\/jornaloalvorada.com.br\/site\/?p=7133"},"modified":"2024-08-16T08:28:53","modified_gmt":"2024-08-16T12:28:53","slug":"governo-anuncia-nova-previsao-para-o-salario-minimo-em-2025","status":"publish","type":"post","link":"https:\/\/jornaloalvorada.com.br\/site\/2024\/08\/16\/governo-anuncia-nova-previsao-para-o-salario-minimo-em-2025\/","title":{"rendered":"Governo anuncia nova previs\u00e3o para o sal\u00e1rio m\u00ednimo em 2025!"},"content":{"rendered":"\n<p>Na \u00faltima semana, o governo atual anunciou uma nova previs\u00e3o para o sal\u00e1rio m\u00ednimo a ser adotado em 2025. A proposta or\u00e7ament\u00e1ria ser\u00e1 enviada ao Congresso Nacional no dia 31 de mar\u00e7o e considera o valor de R$ 1.509, conforme c\u00e1lculos revelados pelo GLOBO. Essa mudan\u00e7a reflete uma atualiza\u00e7\u00e3o em rela\u00e7\u00e3o ao valor anterior de R$ 1.502, previsto no projeto de Lei de Diretrizes Or\u00e7ament\u00e1rias (<a href=\"https:\/\/www.gov.br\/pt-br\">LDO<\/a>).<\/p>\n\n\n\n<p>Essa decis\u00e3o foi tomada em raz\u00e3o de diversos fatores macroecon\u00f4micos, incluindo a infla\u00e7\u00e3o, que pressionaram o governo a revisar o n\u00famero proposto inicialmente. A f\u00f3rmula para determinar o reajuste do sal\u00e1rio m\u00ednimo no Brasil \u00e9 complexa, envolvendo considera\u00e7\u00f5es sociais e econ\u00f4micas importantes.<\/p>\n\n\n\n<h2 class=\"wp-block-heading\">Como \u00e9 definido o reajuste do Sal\u00e1rio M\u00ednimo?<\/h2>\n\n\n\n<p>O reajuste do sal\u00e1rio m\u00ednimo no Brasil \u00e9 uma quest\u00e3o crucial para milh\u00f5es de trabalhadores. Ele \u00e9 calculado com base na soma da varia\u00e7\u00e3o do \u00cdndice Nacional de Pre\u00e7os ao Consumidor (<a href=\"https:\/\/terrabrasilnoticias.com\/\">INPC<\/a>) do ano anterior e uma parcela do crescimento econ\u00f4mico do pa\u00eds. Essa combina\u00e7\u00e3o visa equilibrar a perda do poder de compra e garantir que o sal\u00e1rio acompanhe a evolu\u00e7\u00e3o da economia.<\/p>\n\n\n\n<h3 class=\"wp-block-heading\">Componentes da F\u00f3rmula<\/h3>\n\n\n\n<ul class=\"wp-block-list\">\n<li>\u00a0<strong>INPC<\/strong>: Mede a varia\u00e7\u00e3o dos pre\u00e7os de uma cesta b\u00e1sica de produtos e servi\u00e7os para fam\u00edlias com renda de at\u00e9 cinco sal\u00e1rios m\u00ednimos.<\/li>\n\n\n\n<li><strong>Crescimento econ\u00f4mico<\/strong>: Garante que o sal\u00e1rio m\u00ednimo esteja alinhado com a evolu\u00e7\u00e3o da economia, estimulando a demanda interna.<\/li>\n<\/ul>\n\n\n\n<h2 class=\"wp-block-heading\">Como a infla\u00e7\u00e3o afeta o sal\u00e1rio m\u00ednimo?<\/h2>\n\n\n\n<p>O reajuste para 2025, se confirmado em R$ 1.509, representar\u00e1 uma alta de 6,87% em rela\u00e7\u00e3o ao valor atual de R$ 1.412. Esse ajuste, no entanto, pode sofrer altera\u00e7\u00f5es conforme a infla\u00e7\u00e3o e revis\u00f5es no desempenho do PIB de 2023. A infla\u00e7\u00e3o, medida pelo INPC, \u00e9 estimada em 3,65% acumulado em 2024 pelo governo.<\/p>\n\n\n\n<h2 class=\"wp-block-heading\">Medidas para redu\u00e7\u00e3o de gastos s\u00e3o necess\u00e1rias?<\/h2>\n\n\n\n<p>Para controlar os gastos p\u00fablicos, o governo considera desvincular alguns benef\u00edcios ajustados pelo sal\u00e1rio m\u00ednimo, como o BPC, abono salarial e aux\u00edlio-doen\u00e7a. Em entrevista ao GLOBO, a ministra do Planejamento, Simone Tebet, mencionou essa possibilidade, embora ainda n\u00e3o tenha havido uma decis\u00e3o final.<\/p>\n\n\n\n<h2 class=\"wp-block-heading\">Qual a diferen\u00e7a entre sal\u00e1rio m\u00ednimo nominal e necess\u00e1rio?<\/h2>\n\n\n\n<p>O sal\u00e1rio m\u00ednimo nominal \u00e9 o valor legalmente estabelecido que os empregadores devem pagar. J\u00e1 o sal\u00e1rio m\u00ednimo necess\u00e1rio \u00e9 calculado por \u00f3rg\u00e3os como o DIEESE, que consideram o custo real de vida, incluindo alimenta\u00e7\u00e3o, moradia, transporte, sa\u00fade e outros itens essenciais.<\/p>\n\n\n\n<h2 class=\"wp-block-heading\">Em resumo<\/h2>\n\n\n\n<ol class=\"wp-block-list\">\n<li><strong>Sal\u00e1rio M\u00ednimo Nominal<\/strong>: Valor legalmente estabelecido pelo governo.<\/li>\n\n\n\n<li><strong>Sal\u00e1rio M\u00ednimo Necess\u00e1rio<\/strong>: Valor que cobre as necessidades b\u00e1sicas de uma fam\u00edlia.<\/li>\n<\/ol>\n\n\n\n<h2 class=\"wp-block-heading\">Como o sal\u00e1rio m\u00ednimo brasileiro se compara a outros pa\u00edses?<\/h2>\n\n\n\n<p>Embora o sal\u00e1rio m\u00ednimo brasileiro tenha passado por reajustes, ainda est\u00e1 abaixo do ideal quando comparado internacionalmente. Em termos de valor nominal e poder de compra, o&nbsp;<a href=\"https:\/\/terrabrasilnoticias.com\/\">Brasil&nbsp;<\/a>ocupa posi\u00e7\u00f5es desfavor\u00e1veis.<\/p>\n\n\n\n<h2 class=\"wp-block-heading\">Compara\u00e7\u00e3o em valor nominal<\/h2>\n\n\n\n<ul class=\"wp-block-list\">\n<li>\u00a0<strong>Brasil<\/strong>: R$ 1.412,00 (em 2024)<\/li>\n\n\n\n<li><strong>Argentina<\/strong>: US$ 189<\/li>\n\n\n\n<li><strong>Paraguai<\/strong>: US$ 349<\/li>\n\n\n\n<li><strong>Espanha<\/strong>: \u20ac 1.080 (cerca de R$ 6.000)<\/li>\n<\/ul>\n\n\n\n<h2 class=\"wp-block-heading\">Compara\u00e7\u00e3o em poder de compra<\/h2>\n\n\n\n<ul class=\"wp-block-list\">\n<li>\u00a0<strong>Brasil<\/strong>: 51\u00aa posi\u00e7\u00e3o em poder de compra, segundo ranking da OIT em 2023<\/li>\n\n\n\n<li><strong>L\u00edderes em poder de compra<\/strong>: Su\u00ed\u00e7a, Luxemburgo e Canad\u00e1<\/li>\n\n\n\n<li><strong>Abaixo do Brasil<\/strong>: Indon\u00e9sia e Peru<\/li>\n<\/ul>\n\n\n\n<p>Ainda que o sal\u00e1rio m\u00ednimo tenha aumentado, ele continua aqu\u00e9m do necess\u00e1rio para garantir um padr\u00e3o de vida adequado. Pol\u00edticas p\u00fablicas s\u00e3o essenciais para reajustar o sal\u00e1rio e promover crescimento econ\u00f4mico e empregos de qualidade.<\/p>\n\n\n\n<p><strong><em>Fonte: Terra Brasil Not\u00edcias<\/em><\/strong><a href=\"https:\/\/api.whatsapp.com\/send?text=Governo%20anuncia%20nova%20previs%C3%A3o%20para%20o%20sal%C3%A1rio%20m%C3%ADnimo%20em%202025%21%0Ahttps%3A%2F%2Fterrabrasilnoticias.com%2F2024%2F08%2Fgoverno-anuncia-nova-previsao-para-o-salario-minimo-em-2025%2F\"><\/a><\/p>\n","protected":false},"excerpt":{"rendered":"<p>Na \u00faltima semana, o governo atual anunciou uma nova previs\u00e3o para o sal\u00e1rio m\u00ednimo a ser adotado em 2025. A<\/p>\n","protected":false},"author":1,"featured_media":4535,"comment_status":"open","ping_status":"open","sticky":false,"template":"","format":"standard","meta":{"footnotes":""},"categories":[2],"tags":[],"class_list":["post-7133","post","type-post","status-publish","format-standard","has-post-thumbnail","hentry","category-noticias"],"_links":{"self":[{"href":"https:\/\/jornaloalvorada.com.br\/site\/wp-json\/wp\/v2\/posts\/7133","targetHints":{"allow":["GET"]}}],"collection":[{"href":"https:\/\/jornaloalvorada.com.br\/site\/wp-json\/wp\/v2\/posts"}],"about":[{"href":"https:\/\/jornaloalvorada.com.br\/site\/wp-json\/wp\/v2\/types\/post"}],"author":[{"embeddable":true,"href":"https:\/\/jornaloalvorada.com.br\/site\/wp-json\/wp\/v2\/users\/1"}],"replies":[{"embeddable":true,"href":"https:\/\/jornaloalvorada.com.br\/site\/wp-json\/wp\/v2\/comments?post=7133"}],"version-history":[{"count":1,"href":"https:\/\/jornaloalvorada.com.br\/site\/wp-json\/wp\/v2\/posts\/7133\/revisions"}],"predecessor-version":[{"id":7134,"href":"https:\/\/jornaloalvorada.com.br\/site\/wp-json\/wp\/v2\/posts\/7133\/revisions\/7134"}],"wp:featuredmedia":[{"embeddable":true,"href":"https:\/\/jornaloalvorada.com.br\/site\/wp-json\/wp\/v2\/media\/4535"}],"wp:attachment":[{"href":"https:\/\/jornaloalvorada.com.br\/site\/wp-json\/wp\/v2\/media?parent=7133"}],"wp:term":[{"taxonomy":"category","embeddable":true,"href":"https:\/\/jornaloalvorada.com.br\/site\/wp-json\/wp\/v2\/categories?post=7133"},{"taxonomy":"post_tag","embeddable":true,"href":"https:\/\/jornaloalvorada.com.br\/site\/wp-json\/wp\/v2\/tags?post=7133"}],"curies":[{"name":"wp","href":"https:\/\/api.w.org\/{rel}","templated":true}]}}